{"id":2582,"date":"2017-02-23T01:25:51","date_gmt":"2017-02-23T00:25:51","guid":{"rendered":"http:\/\/9dwunastych.org\/?p=2582"},"modified":"2023-04-13T22:55:09","modified_gmt":"2023-04-13T20:55:09","slug":"rpd-psr-2017","status":"publish","type":"post","link":"https:\/\/9dwunastych.org\/en_us\/blog\/2017\/02\/23\/rpd-psr-2017\/","title":{"rendered":"Wsparcie antydyskryminacyjne dla szk\u00f3\u0142 w roku 2017"},"content":{"rendered":"<p>W ramach <strong><span style=\"color: #000000;\"><a style=\"color: #000000;\" href=\"http:\/\/9dwunastych.org\/en_us\/roznorodnosc\/\">Programu Edukacji Antydyskryminacyjnej \u201eR\u00f3\u017cnorodno\u015b\u0107 \u2013 podaj dalej!\u201d<\/a><\/span><\/strong> pocz\u0105wszy od roku 2012 stowarzyszenie 9dwunastych (wcze\u015bniej 9\/12) ka\u017cdego roku zaprasza\u0142o szko\u0142y do zg\u0142aszania klas na warsztaty antydyskryminacyjne. Dzi\u0119ki owocnej wsp\u00f3\u0142pracy ze szko\u0142ami ponadpodstawowymi w wojew\u00f3dztwie podlaskim, wsparciu finansowemu Szwajcarii, Urz\u0119du Marsza\u0142kowskiego Wojew\u00f3dztwa Podlaskiego (kt\u00f3ry przyzna\u0142 dotacj\u0119 r\u00f3wnie\u017c na prowadzenie dzia\u0142a\u0144 w roku 2017) oraz Ambasady USA w Warszawie, a tak\u017ce organizacyjnemu wsparciu Uniwersytetu w Bia\u0142ymstoku mieli\/\u0142y\u015bmy mo\u017cliwo\u015b\u0107 zapewni\u0107 ka\u017cdego roku realizacj\u0119 od 25 do 100 warsztat\u00f3w antydyskryminacyjnych.<\/p>\n<p>W zwi\u0105zku z du\u017cym zainteresowaniem udzia\u0142em w warsztatach antydyskryminacyjnych r\u00f3wnie\u017c w roku 2017 informujemy, \u017ce w ramach Programu Edukacji Antydyskryminacyjnej \u201eR\u00f3\u017cnorodno\u015b\u0107 \u2013 podaj dalej!\u201d 2017 nie b\u0119d\u0105 prowadzone bezp\u0142atne warsztaty antydyskryminacyjne dla grup szkolnych na dotychczasowych zasadach. Nie oznacza to jednak, \u017ce rezygnujemy zupe\u0142nie z prowadzenia warsztat\u00f3w antydyskryminacyjnych. Serdecznie zapraszamy wszystkie zainteresowane osoby do kontaktu mejlowego z nami pod adresem: <strong>roznorodnosc@9dwunastych.org<\/strong> w celu indywidualnego okre\u015blenia rodzaju wsparcia, jakie 9dwunastych mo\u017ce zaoferowa\u0107 szko\u0142om. Inaczej jednak ni\u017c dotychczas mo\u017ce to oznacza\u0107 konieczno\u015b\u0107 ponoszenia przez szko\u0142y koszt\u00f3w organizacji warsztat\u00f3w oraz ewentualnie innych potrzebnych form wsparcia, kt\u00f3re dotychczas pokrywane by\u0142y przez nasze stowarzyszenie w ramach prowadzonych projekt\u00f3w lub \u015brodk\u00f3w w\u0142asnych.<\/p>\n<p>G\u0142\u00f3wn\u0105 przyczyn\u0105 podj\u0119cia decyzji o zawieszeniu regularnego prowadzenia warsztat\u00f3w antydyskryminacyjnych dla grup szkolnych jest aktualna niestabilno\u015b\u0107 systemu o\u015bwiaty w Polsce zwi\u0105zana z przygotowan\u0105 przez Ministerstwo Edukacji Narodowej reform\u0105, polegaj\u0105c\u0105 m. in. likwidacji gimnazj\u00f3w oraz do\u0142o\u017ceniu dodatkowych klas do szk\u00f3\u0142 podstawowych, co z kolei poci\u0105ga za sob\u0105 r\u00f3wnie\u017c zmiany w sieci szk\u00f3\u0142 w Bia\u0142ymstoku i wojew\u00f3dztwie podlaskim. Jesieni\u0105 i zim\u0105 roku 2016, gdy planowane by\u0142y dzia\u0142ania w ramach programu R\u00f3\u017cnorodno\u015b\u0107 \u2013 podaj dalej! w roku 2017 za\u0142o\u017cenia reformy by\u0142y na tyle niejasne, \u017ce uniemo\u017cliwi\u0142o nam to precycyjne zdefiniowanie grupy docelowej, a tak\u017ce identyfikacj\u0119 konkretnych szk\u00f3\u0142, do kt\u00f3rych w 2017 roku mog\u0142aby by\u0107 skierowana kampania informacyjna dotycz\u0105cej warsztat\u00f3w.<\/p>\n<p>Nie bez znaczenia jest r\u00f3wnie\u017c nieprzychylna dla edukacji antydyskryminacyjnej postawa Urz\u0119du Miejskiego w Bia\u0142ymstoku, kt\u00f3rego Departament Edukacji jest organem prowadz\u0105cym dla szk\u00f3\u0142 publicznych w Bia\u0142ymstoku. Jest to stan\u00a0utrzymuj\u0105cy si\u0119 od kilku lat, jednak obecnie szczeg\u00f3lnie dotkliwy, w po\u0142\u0105czeniu z niejasn\u0105 sytuacj\u0105 zwi\u0105zan\u0105 z planowan\u0105 przez MEN reform\u0105 oraz negatywnym nastawieniem Rz\u0105du RP do przeciwdzia\u0142ania dyskryminacji w og\u00f3le.<\/p>\n<p>W ramach Programu Edukacji Antydyskryminacyjnej \u201eR\u00f3\u017cnorodno\u015b\u0107 \u2013 podaj dalej!\u201d 2017 planujemy skupi\u0107 si\u0119 na bezpo\u015brednim wspieraniu os\u00f3b pracuj\u0105cych w instytucjach edukacyjnych i kulturalnych, a tak\u017ce bezpo\u015bredniej edukacji antydyskryminacyjnej skierowanej do m\u0142odzie\u017cy. Przerw\u0119 w regularnym prowadzeniu warsztat\u00f3w antydyskryminacyjnych planujemy wykorzysta\u0107 na ewaluacj\u0119 i aktualizacj\u0119 ich programu, aby w przysz\u0142o\u015bci by\u0142y one jeszcze lepiej dostosowane do potrzeb os\u00f3b uczestnicz\u0105cych oraz szk\u00f3\u0142 zg\u0142aszaj\u0105cych klasy.<\/p>\n<p style=\"text-align: right;\">Zesp\u00f3\u0142 ds. Edukacji Antydyskryminacyjnej<br \/>\nZarz\u0105d 9dwunastych<\/p>","protected":false},"excerpt":{"rendered":"<p>W ramach Programu Edukacji Antydyskryminacyjnej \u201eR\u00f3\u017cnorodno\u015b\u0107 \u2013 podaj dalej!\u201d pocz\u0105wszy od roku 2012 stowarzyszenie 9dwunastych (wcze\u015bniej 9\/12) ka\u017cdego roku zaprasza\u0142o szko\u0142y do zg\u0142aszania klas na warsztaty antydyskryminacyjne. Dzi\u0119ki owocnej wsp\u00f3\u0142pracy ze szko\u0142ami ponadpodstawowymi w wojew\u00f3dztwie podlaskim, wsparciu finansowemu Szwajcarii, Urz\u0119du Marsza\u0142kowskiego Wojew\u00f3dztwa Podlaskiego (kt\u00f3ry przyzna\u0142 dotacj\u0119 r\u00f3wnie\u017c na prowadzenie dzia\u0142a\u0144 w roku 2017) oraz Ambasady&#8230;<\/p>","protected":false},"author":2,"featured_media":2365,"comment_status":"closed","ping_status":"closed","sticky":false,"template":"","format":"standard","meta":{"_jetpack_memberships_contains_paid_content":false,"footnotes":""},"categories":[17],"tags":[],"class_list":["post-2582","post","type-post","status-publish","format-standard","has-post-thumbnail","hentry","category-ogolne"],"acf":[],"jetpack_sharing_enabled":true,"jetpack_featured_media_url":"https:\/\/9dwunastych.org\/wp-content\/uploads\/2016\/11\/RPD_i_PSR_-_logo.jpg","_links":{"self":[{"href":"https:\/\/9dwunastych.org\/en_us\/wp-json\/wp\/v2\/posts\/2582"}],"collection":[{"href":"https:\/\/9dwunastych.org\/en_us\/wp-json\/wp\/v2\/posts"}],"about":[{"href":"https:\/\/9dwunastych.org\/en_us\/wp-json\/wp\/v2\/types\/post"}],"author":[{"embeddable":true,"href":"https:\/\/9dwunastych.org\/en_us\/wp-json\/wp\/v2\/users\/2"}],"replies":[{"embeddable":true,"href":"https:\/\/9dwunastych.org\/en_us\/wp-json\/wp\/v2\/comments?post=2582"}],"version-history":[{"count":13,"href":"https:\/\/9dwunastych.org\/en_us\/wp-json\/wp\/v2\/posts\/2582\/revisions"}],"predecessor-version":[{"id":3541,"href":"https:\/\/9dwunastych.org\/en_us\/wp-json\/wp\/v2\/posts\/2582\/revisions\/3541"}],"wp:featuredmedia":[{"embeddable":true,"href":"https:\/\/9dwunastych.org\/en_us\/wp-json\/wp\/v2\/media\/2365"}],"wp:attachment":[{"href":"https:\/\/9dwunastych.org\/en_us\/wp-json\/wp\/v2\/media?parent=2582"}],"wp:term":[{"taxonomy":"category","embeddable":true,"href":"https:\/\/9dwunastych.org\/en_us\/wp-json\/wp\/v2\/categories?post=2582"},{"taxonomy":"post_tag","embeddable":true,"href":"https:\/\/9dwunastych.org\/en_us\/wp-json\/wp\/v2\/tags?post=2582"}],"curies":[{"name":"wp","href":"https:\/\/api.w.org\/{rel}","templated":true}]}}