{"id":2653,"date":"2018-05-08T06:00:27","date_gmt":"2018-05-08T04:00:27","guid":{"rendered":"http:\/\/9dwunastych.org\/?p=2653"},"modified":"2023-04-13T22:55:15","modified_gmt":"2023-04-13T20:55:15","slug":"wroznorodnoscisila","status":"publish","type":"post","link":"https:\/\/9dwunastych.org\/en_us\/blog\/2018\/05\/08\/wroznorodnoscisila\/","title":{"rendered":"Rusza podlaski regranting &#8211; W R\u00f3\u017cnorodno\u015bci si\u0142a! 2018"},"content":{"rendered":"<section class=\"l-section wpb_row height_medium\"><div class=\"l-section-h i-cf\"><div class=\"g-cols vc_row via_flex valign_top type_default stacking_default\"><div class=\"vc_col-sm-12 wpb_column vc_column_container\"><div class=\"vc_column-inner\"><div class=\"wpb_wrapper\"><div class=\"wpb_text_column\"><div class=\"wpb_wrapper\"><p style=\"text-align: justify;\">Serdecznie zapraszamy do sk\u0142adania wniosk\u00f3w o dofinansowanie mini-projekt\u00f3w realizowanych na trenie wojew\u00f3dztwa podlaskiego, kt\u00f3re b\u0119d\u0105 przyczynia\u0142y si\u0119 do rozwoju dialogu mi\u0119dzykulturowego, kszta\u0142towania otwartych postaw wobec r\u00f3\u017cnorodno\u015bci spo\u0142ecznej, rozwoju \u015bwiadomo\u015bci obywatelskiej i spo\u0142ecznej na temat demokracji a tak\u017ce promowania wiedzy na temat praw cz\u0142owieka i ich praktycznego zastosowania. \u015arodki przekazywane w ramach konkursu pochodz\u0105 z bud\u017cetu Wojew\u00f3dztwa Podlaskiego. Miniprojekty mog\u0105 by\u0107 realizowane r\u00f3wnie\u017c przez organizacje pozarz\u0105dowe samodzielnie lub z udzia\u0142em grup nieformalnych.<\/p>\n<p><strong>R\u00d3\u017bNORODNOS\u0106 \u2013 BOGACTWO I WYZWANIE<\/strong><\/p>\n<p style=\"text-align: justify;\">Konkurs grantowy jest organizowany w ramach Programu wzmacniania dzia\u0142a\u0144 obywatelskich \u201eW R\u00f3\u017cnorodno\u015bci si\u0142a! 2018\u201d, kt\u00f3rego celem jest zwi\u0119kszenie aktywno\u015bci mieszkanek i mieszka\u0144c\u00f3w na rzecz praw cz\u0142owieka i demokracji oraz dialogu mi\u0119dzykulturowego w wojew\u00f3dztwie podlaskim, wzmocnienia organizacji formalnych i nieformalnych jako instytucji spo\u0142ecze\u0144stwa obywatelskiego oraz wzmocnienie perspektywy r\u00f3wno\u015bciowej w dzia\u0142alno\u015bci podlaskich organizacji i grup.<\/p>\n<p><strong>JAK APLIKOWA\u0106 O DOTACJE<\/strong><\/p>\n<p style=\"text-align: justify;\">Nab\u00f3r wniosk\u00f3w o dofinansowanie rusza 8 maja 2018. Maksymalna wysoko\u015b\u0107 dotacji na miniprojekt wynosi 2\u00a0800 z\u0142. Aby otrzyma\u0107 te \u015brodki nale\u017cy najp\u00f3\u017aniej do 28 maja 2018 przes\u0142a\u0107 wype\u0142niony wniosek wraz za\u0142\u0105cznikami na adres e-mail: roznorodnosc@9dwunastych.org. Szczeg\u00f3\u0142owy w zak\u0142adce <a href=\"http:\/\/9dwunastych.org\/en_us\/regranting\/\"><strong><u>Regranting.<\/u><\/strong><\/a><\/p>\n<\/div><\/div><\/div><\/div><\/div><\/div><\/div><\/section>","protected":false},"excerpt":{"rendered":"Serdecznie zapraszamy do sk\u0142adania wniosk\u00f3w o dofinansowanie mini-projekt\u00f3w realizowanych na trenie wojew\u00f3dztwa podlaskiego, kt\u00f3re b\u0119d\u0105 przyczynia\u0142y si\u0119 do rozwoju dialogu mi\u0119dzykulturowego, kszta\u0142towania otwartych postaw wobec r\u00f3\u017cnorodno\u015bci spo\u0142ecznej, rozwoju \u015bwiadomo\u015bci obywatelskiej i spo\u0142ecznej na temat demokracji a tak\u017ce promowania wiedzy na temat praw cz\u0142owieka i ich praktycznego zastosowania. \u015arodki przekazywane w ramach konkursu pochodz\u0105 z bud\u017cetu...","protected":false},"author":4,"featured_media":2678,"comment_status":"closed","ping_status":"closed","sticky":false,"template":"","format":"standard","meta":{"_jetpack_memberships_contains_paid_content":false,"footnotes":""},"categories":[17],"tags":[],"class_list":["post-2653","post","type-post","status-publish","format-standard","has-post-thumbnail","hentry","category-ogolne"],"acf":[],"jetpack_sharing_enabled":true,"jetpack_featured_media_url":"https:\/\/9dwunastych.org\/wp-content\/uploads\/2018\/05\/WRS-naglowek-1.png","_links":{"self":[{"href":"https:\/\/9dwunastych.org\/en_us\/wp-json\/wp\/v2\/posts\/2653"}],"collection":[{"href":"https:\/\/9dwunastych.org\/en_us\/wp-json\/wp\/v2\/posts"}],"about":[{"href":"https:\/\/9dwunastych.org\/en_us\/wp-json\/wp\/v2\/types\/post"}],"author":[{"embeddable":true,"href":"https:\/\/9dwunastych.org\/en_us\/wp-json\/wp\/v2\/users\/4"}],"replies":[{"embeddable":true,"href":"https:\/\/9dwunastych.org\/en_us\/wp-json\/wp\/v2\/comments?post=2653"}],"version-history":[{"count":14,"href":"https:\/\/9dwunastych.org\/en_us\/wp-json\/wp\/v2\/posts\/2653\/revisions"}],"predecessor-version":[{"id":3536,"href":"https:\/\/9dwunastych.org\/en_us\/wp-json\/wp\/v2\/posts\/2653\/revisions\/3536"}],"wp:featuredmedia":[{"embeddable":true,"href":"https:\/\/9dwunastych.org\/en_us\/wp-json\/wp\/v2\/media\/2678"}],"wp:attachment":[{"href":"https:\/\/9dwunastych.org\/en_us\/wp-json\/wp\/v2\/media?parent=2653"}],"wp:term":[{"taxonomy":"category","embeddable":true,"href":"https:\/\/9dwunastych.org\/en_us\/wp-json\/wp\/v2\/categories?post=2653"},{"taxonomy":"post_tag","embeddable":true,"href":"https:\/\/9dwunastych.org\/en_us\/wp-json\/wp\/v2\/tags?post=2653"}],"curies":[{"name":"wp","href":"https:\/\/api.w.org\/{rel}","templated":true}]}}