{"id":2701,"date":"2018-05-29T11:54:47","date_gmt":"2018-05-29T09:54:47","guid":{"rendered":"http:\/\/9dwunastych.org\/?p=2701"},"modified":"2023-04-13T22:54:11","modified_gmt":"2023-04-13T20:54:11","slug":"w-roznorodnosci-sila-2018-wyniki","status":"publish","type":"post","link":"https:\/\/9dwunastych.org\/en_us\/blog\/2018\/05\/29\/w-roznorodnosci-sila-2018-wyniki\/","title":{"rendered":"W R\u00f3\u017cnorodno\u015bci si\u0142a! 2018: Wyniki! (Aktualizacja)"},"content":{"rendered":"<section class=\"l-section wpb_row height_medium\"><div class=\"l-section-h i-cf\"><div class=\"g-cols vc_row via_flex valign_top type_default stacking_default\"><div class=\"vc_col-sm-12 wpb_column vc_column_container\"><div class=\"vc_column-inner\"><div class=\"wpb_wrapper\"><div class=\"wpb_text_column\"><div class=\"wpb_wrapper\"><p>W dniach: 29 czerwca i 2 lipca 2018 r. Zarz\u0105d 9dwunastych podj\u0105\u0142 uchwa\u0142y dotycz\u0105ce przyznania dotacji na miniprojekty w ramach Programu wzmacniania dzia\u0142a\u0144 obywatelskich &#8222;W R\u00f3\u017cnorodno\u015bci si\u0142a!&#8221; 2018. Zgodnie z Regulaminem prac komisji konkursowej dofinansowanie mog\u0142y otrzyma\u0107 projekty, kt\u00f3re pozytywnie przesz\u0142y proces oceny formalnej oraz ewentualnych uzupe\u0142nie\u0144, a w wyniku oceny merytorycznej uzyska\u0142y przynajmniej 2 pozytywne rekomendacje ekspertek oraz przynajmniej po\u0142ow\u0119 mo\u017cliwych do zdobycia punkt\u00f3w.<\/p>\n<p>List\u0119 rankingow\u0105 sporz\u0105dzon\u0105 na podstawie wynik\u00f3w oceny formalnej i merytorycznej przedstawiamy poni\u017cej:<\/p>\n<p><img fetchpriority=\"high\" decoding=\"async\" class=\"alignnone wp-image-2725 size-full\" src=\"http:\/\/9dwunastych.org\/wp-content\/uploads\/2018\/05\/WRS-18-N1-Wyniki-02-07-2018.jpg\" alt=\"\" width=\"1163\" height=\"494\" srcset=\"https:\/\/9dwunastych.org\/wp-content\/uploads\/2018\/05\/WRS-18-N1-Wyniki-02-07-2018.jpg 1163w, https:\/\/9dwunastych.org\/wp-content\/uploads\/2018\/05\/WRS-18-N1-Wyniki-02-07-2018-300x127.jpg 300w, https:\/\/9dwunastych.org\/wp-content\/uploads\/2018\/05\/WRS-18-N1-Wyniki-02-07-2018-768x326.jpg 768w, https:\/\/9dwunastych.org\/wp-content\/uploads\/2018\/05\/WRS-18-N1-Wyniki-02-07-2018-1024x435.jpg 1024w, https:\/\/9dwunastych.org\/wp-content\/uploads\/2018\/05\/WRS-18-N1-Wyniki-02-07-2018-260x110.jpg 260w, https:\/\/9dwunastych.org\/wp-content\/uploads\/2018\/05\/WRS-18-N1-Wyniki-02-07-2018-50x21.jpg 50w, https:\/\/9dwunastych.org\/wp-content\/uploads\/2018\/05\/WRS-18-N1-Wyniki-02-07-2018-150x64.jpg 150w\" sizes=\"(max-width: 1163px) 100vw, 1163px\" \/><\/p>\n<p>Serdecznie gratulujemy organizacjom, kt\u00f3re uzyska\u0142y dofinansowanie na swoje dzia\u0142ania. Organizacje, kt\u00f3rym w zako\u0144czonym naborze nie zosta\u0142o przyznane dofinansowanie szczeg\u00f3lnie gor\u0105co zach\u0119camy do udzia\u0142u w drugim naborze wniosk\u00f3w planowanym do og\u0142oszenia w sierpniu.<\/p>\n<p>Aktualne informacje o konkursach grantowych &#8222;W R\u00f3\u017cnorodno\u015bci si\u0142a!&#8221; mo\u017cna znale\u017a\u0107 pod adresem: <a href=\"http:\/\/9dwunastych.org\/en_us\/regranting\/\">9dwunastych.org\/regranting<\/a><\/p>\n<p><img decoding=\"async\" class=\"alignnone wp-image-2697 size-full\" src=\"http:\/\/9dwunastych.org\/wp-content\/uploads\/2018\/05\/WRS-stopka-3.png\" alt=\"\" width=\"2146\" height=\"500\" srcset=\"https:\/\/9dwunastych.org\/wp-content\/uploads\/2018\/05\/WRS-stopka-3.png 2146w, https:\/\/9dwunastych.org\/wp-content\/uploads\/2018\/05\/WRS-stopka-3-300x70.png 300w, https:\/\/9dwunastych.org\/wp-content\/uploads\/2018\/05\/WRS-stopka-3-768x179.png 768w, https:\/\/9dwunastych.org\/wp-content\/uploads\/2018\/05\/WRS-stopka-3-1024x239.png 1024w, https:\/\/9dwunastych.org\/wp-content\/uploads\/2018\/05\/WRS-stopka-3-260x61.png 260w, https:\/\/9dwunastych.org\/wp-content\/uploads\/2018\/05\/WRS-stopka-3-50x12.png 50w, https:\/\/9dwunastych.org\/wp-content\/uploads\/2018\/05\/WRS-stopka-3-150x35.png 150w\" sizes=\"(max-width: 2146px) 100vw, 2146px\" \/><\/p>\n<\/div><\/div><\/div><\/div><\/div><\/div><\/div><\/section>","protected":false},"excerpt":{"rendered":"W dniach: 29 czerwca i 2 lipca 2018 r. Zarz\u0105d 9dwunastych podj\u0105\u0142 uchwa\u0142y dotycz\u0105ce przyznania dotacji na miniprojekty w ramach Programu wzmacniania dzia\u0142a\u0144 obywatelskich &#8222;W R\u00f3\u017cnorodno\u015bci si\u0142a!&#8221; 2018. Zgodnie z Regulaminem prac komisji konkursowej dofinansowanie mog\u0142y otrzyma\u0107 projekty, kt\u00f3re pozytywnie przesz\u0142y proces oceny formalnej oraz ewentualnych uzupe\u0142nie\u0144, a w wyniku oceny merytorycznej uzyska\u0142y przynajmniej 2...","protected":false},"author":2,"featured_media":2714,"comment_status":"closed","ping_status":"closed","sticky":false,"template":"","format":"standard","meta":{"_jetpack_memberships_contains_paid_content":false,"footnotes":""},"categories":[17],"tags":[],"class_list":["post-2701","post","type-post","status-publish","format-standard","has-post-thumbnail","hentry","category-ogolne"],"acf":[],"jetpack_sharing_enabled":true,"jetpack_featured_media_url":"https:\/\/9dwunastych.org\/wp-content\/uploads\/2018\/05\/Plansza-3.jpg","_links":{"self":[{"href":"https:\/\/9dwunastych.org\/en_us\/wp-json\/wp\/v2\/posts\/2701"}],"collection":[{"href":"https:\/\/9dwunastych.org\/en_us\/wp-json\/wp\/v2\/posts"}],"about":[{"href":"https:\/\/9dwunastych.org\/en_us\/wp-json\/wp\/v2\/types\/post"}],"author":[{"embeddable":true,"href":"https:\/\/9dwunastych.org\/en_us\/wp-json\/wp\/v2\/users\/2"}],"replies":[{"embeddable":true,"href":"https:\/\/9dwunastych.org\/en_us\/wp-json\/wp\/v2\/comments?post=2701"}],"version-history":[{"count":8,"href":"https:\/\/9dwunastych.org\/en_us\/wp-json\/wp\/v2\/posts\/2701\/revisions"}],"predecessor-version":[{"id":3538,"href":"https:\/\/9dwunastych.org\/en_us\/wp-json\/wp\/v2\/posts\/2701\/revisions\/3538"}],"wp:featuredmedia":[{"embeddable":true,"href":"https:\/\/9dwunastych.org\/en_us\/wp-json\/wp\/v2\/media\/2714"}],"wp:attachment":[{"href":"https:\/\/9dwunastych.org\/en_us\/wp-json\/wp\/v2\/media?parent=2701"}],"wp:term":[{"taxonomy":"category","embeddable":true,"href":"https:\/\/9dwunastych.org\/en_us\/wp-json\/wp\/v2\/categories?post=2701"},{"taxonomy":"post_tag","embeddable":true,"href":"https:\/\/9dwunastych.org\/en_us\/wp-json\/wp\/v2\/tags?post=2701"}],"curies":[{"name":"wp","href":"https:\/\/api.w.org\/{rel}","templated":true}]}}