{"id":2846,"date":"2018-08-31T10:55:07","date_gmt":"2018-08-31T08:55:07","guid":{"rendered":"http:\/\/9dwunastych.org\/?p=2846"},"modified":"2023-04-13T22:48:58","modified_gmt":"2023-04-13T20:48:58","slug":"2846-2","status":"publish","type":"post","link":"https:\/\/9dwunastych.org\/en_us\/blog\/2018\/08\/31\/2846-2\/","title":{"rendered":"W R\u00f3\u017cnorodno\u015bci si\u0142a! 2018: Wyniki drugiego naboru"},"content":{"rendered":"<section class=\"l-section wpb_row height_medium\"><div class=\"l-section-h i-cf\"><div class=\"g-cols vc_row via_flex valign_top type_default stacking_default\"><div class=\"vc_col-sm-12 wpb_column vc_column_container\"><div class=\"vc_column-inner\"><div class=\"wpb_wrapper\"><div class=\"wpb_text_column\"><div class=\"wpb_wrapper\"><p>Dnia 30 sierpnia 2018 r. Zarz\u0105d 9dwunastych podj\u0105\u0142 uchwa\u0142\u0119 dotycz\u0105c\u0105 przyznania dotacji na miniprojekty w ramach drugiego naboru wniosk\u00f3w w Programie wzmacniania dzia\u0142a\u0144 obywatelskich &#8222;W R\u00f3\u017cnorodno\u015bci si\u0142a!&#8221; 2018. Zgodnie z Regulaminem prac komisji konkursowej dofinansowanie mog\u0142y otrzyma\u0107 projekty, kt\u00f3re pozytywnie przesz\u0142y proces oceny formalnej oraz ewentualnych uzupe\u0142nie\u0144, a w wyniku oceny merytorycznej uzyska\u0142y przynajmniej 2 pozytywne rekomendacje ekspertek (z 3 mo\u017cliwych do uzyskania) oraz przynajmniej po\u0142ow\u0119 mo\u017cliwych do zdobycia punkt\u00f3w (czyli przynajmniej 33 punkty z 66 mo\u017cliwych do zdobycia).<\/p>\n<p>Operator, realizuj\u0105c cele Programu okre\u015blone w Regulaminie regrantingu, by\u0142 zobowi\u0105zany przeznaczy\u0107 przynajmniej 60% \u015brodk\u00f3w (w obu naborach \u0142\u0105cznie) na dofinansowanie miniprojekt\u00f3w realizowanych\u00a0w gminach wiejskich i miejsko-wiejskich. \u015arodki na dofinansowanie miniprojekt\u00f3w by\u0142y przyznawane zgodnie z kolejno\u015bci\u0105 na li\u015bcie rankingowej z uwzgl\u0119dnieniem miejsca\u00a0realizacji miniprojektu.<\/p>\n<p>W drugim naborze wniosk\u00f3w w ramach programu &#8222;W R\u00f3\u017cnorodno\u015bci si\u0142a!&#8221; 2018 wp\u0142yn\u0119\u0142y 22 wnioski o dofinansowanie, 21 z nich pozytywnie przesz\u0142o proces oceny formalnej oraz uzupe\u0142nie\u0144 formalnych, 7 z nich otrzyma\u0142o dofinansowanie.<\/p>\n<p>Zestawienie wniosk\u00f3w dofinansowanych i niedofinansowanych sporz\u0105dzone na podstawie wynik\u00f3w oceny formalnej i merytorycznej przedstawiamy poni\u017cej:<\/p>\n<p><img fetchpriority=\"high\" decoding=\"async\" class=\"aligncenter wp-image-2855 size-full\" src=\"http:\/\/9dwunastych.org\/wp-content\/uploads\/2018\/08\/WRS-18-N2-Wyniki-dofinansowane-1.jpg\" alt=\"\" width=\"1266\" height=\"334\" srcset=\"https:\/\/9dwunastych.org\/wp-content\/uploads\/2018\/08\/WRS-18-N2-Wyniki-dofinansowane-1.jpg 1266w, https:\/\/9dwunastych.org\/wp-content\/uploads\/2018\/08\/WRS-18-N2-Wyniki-dofinansowane-1-300x79.jpg 300w, https:\/\/9dwunastych.org\/wp-content\/uploads\/2018\/08\/WRS-18-N2-Wyniki-dofinansowane-1-768x203.jpg 768w, https:\/\/9dwunastych.org\/wp-content\/uploads\/2018\/08\/WRS-18-N2-Wyniki-dofinansowane-1-1024x270.jpg 1024w, https:\/\/9dwunastych.org\/wp-content\/uploads\/2018\/08\/WRS-18-N2-Wyniki-dofinansowane-1-260x69.jpg 260w, https:\/\/9dwunastych.org\/wp-content\/uploads\/2018\/08\/WRS-18-N2-Wyniki-dofinansowane-1-50x13.jpg 50w, https:\/\/9dwunastych.org\/wp-content\/uploads\/2018\/08\/WRS-18-N2-Wyniki-dofinansowane-1-150x40.jpg 150w\" sizes=\"(max-width: 1266px) 100vw, 1266px\" \/><\/p>\n<p>\u015arodki na dofinansowanie miniprojekt\u00f3w w ramach Programu wzmacniania dzia\u0142a\u0144 obywatelskich &#8222;W R\u00f3\u017cnorodno\u015bci si\u0142a!&#8221; 2018 pochodz\u0105 z bud\u017cetu Wojew\u00f3dztwa Podlaskiego.<\/p>\n<p><img loading=\"lazy\" decoding=\"async\" class=\"aligncenter wp-image-2848 size-full\" src=\"http:\/\/9dwunastych.org\/wp-content\/uploads\/2018\/08\/WRS-18-N2-Wyniki-niedofinansowane.jpg\" alt=\"\" width=\"1261\" height=\"610\" srcset=\"https:\/\/9dwunastych.org\/wp-content\/uploads\/2018\/08\/WRS-18-N2-Wyniki-niedofinansowane.jpg 1261w, https:\/\/9dwunastych.org\/wp-content\/uploads\/2018\/08\/WRS-18-N2-Wyniki-niedofinansowane-300x145.jpg 300w, https:\/\/9dwunastych.org\/wp-content\/uploads\/2018\/08\/WRS-18-N2-Wyniki-niedofinansowane-768x372.jpg 768w, https:\/\/9dwunastych.org\/wp-content\/uploads\/2018\/08\/WRS-18-N2-Wyniki-niedofinansowane-1024x495.jpg 1024w, https:\/\/9dwunastych.org\/wp-content\/uploads\/2018\/08\/WRS-18-N2-Wyniki-niedofinansowane-260x126.jpg 260w, https:\/\/9dwunastych.org\/wp-content\/uploads\/2018\/08\/WRS-18-N2-Wyniki-niedofinansowane-50x24.jpg 50w, https:\/\/9dwunastych.org\/wp-content\/uploads\/2018\/08\/WRS-18-N2-Wyniki-niedofinansowane-150x73.jpg 150w\" sizes=\"(max-width: 1261px) 100vw, 1261px\" \/><\/p>\n<p><img loading=\"lazy\" decoding=\"async\" class=\"aligncenter wp-image-2835 size-full\" src=\"http:\/\/9dwunastych.org\/wp-content\/uploads\/2018\/08\/Zestawienie-l\u00f3g-10-9d-Podlaskie2-kolor.jpg\" alt=\"\" width=\"1844\" height=\"261\" srcset=\"https:\/\/9dwunastych.org\/wp-content\/uploads\/2018\/08\/Zestawienie-l\u00f3g-10-9d-Podlaskie2-kolor.jpg 1844w, https:\/\/9dwunastych.org\/wp-content\/uploads\/2018\/08\/Zestawienie-l\u00f3g-10-9d-Podlaskie2-kolor-300x42.jpg 300w, https:\/\/9dwunastych.org\/wp-content\/uploads\/2018\/08\/Zestawienie-l\u00f3g-10-9d-Podlaskie2-kolor-768x109.jpg 768w, https:\/\/9dwunastych.org\/wp-content\/uploads\/2018\/08\/Zestawienie-l\u00f3g-10-9d-Podlaskie2-kolor-1024x145.jpg 1024w, https:\/\/9dwunastych.org\/wp-content\/uploads\/2018\/08\/Zestawienie-l\u00f3g-10-9d-Podlaskie2-kolor-260x37.jpg 260w, https:\/\/9dwunastych.org\/wp-content\/uploads\/2018\/08\/Zestawienie-l\u00f3g-10-9d-Podlaskie2-kolor-50x7.jpg 50w, https:\/\/9dwunastych.org\/wp-content\/uploads\/2018\/08\/Zestawienie-l\u00f3g-10-9d-Podlaskie2-kolor-150x21.jpg 150w\" sizes=\"(max-width: 1844px) 100vw, 1844px\" \/><\/p>\n<p><img loading=\"lazy\" decoding=\"async\" class=\"aligncenter wp-image-2844 size-full\" src=\"http:\/\/9dwunastych.org\/wp-content\/uploads\/2018\/08\/Zestawienie-l\u00f3g-27-Batory3.jpg\" alt=\"\" width=\"1844\" height=\"325\" srcset=\"https:\/\/9dwunastych.org\/wp-content\/uploads\/2018\/08\/Zestawienie-l\u00f3g-27-Batory3.jpg 1844w, https:\/\/9dwunastych.org\/wp-content\/uploads\/2018\/08\/Zestawienie-l\u00f3g-27-Batory3-300x53.jpg 300w, https:\/\/9dwunastych.org\/wp-content\/uploads\/2018\/08\/Zestawienie-l\u00f3g-27-Batory3-768x135.jpg 768w, https:\/\/9dwunastych.org\/wp-content\/uploads\/2018\/08\/Zestawienie-l\u00f3g-27-Batory3-1024x180.jpg 1024w, https:\/\/9dwunastych.org\/wp-content\/uploads\/2018\/08\/Zestawienie-l\u00f3g-27-Batory3-260x46.jpg 260w, https:\/\/9dwunastych.org\/wp-content\/uploads\/2018\/08\/Zestawienie-l\u00f3g-27-Batory3-50x9.jpg 50w, https:\/\/9dwunastych.org\/wp-content\/uploads\/2018\/08\/Zestawienie-l\u00f3g-27-Batory3-150x26.jpg 150w\" sizes=\"(max-width: 1844px) 100vw, 1844px\" \/><\/p>\n<\/div><\/div><\/div><\/div><\/div><\/div><\/div><\/section>","protected":false},"excerpt":{"rendered":"Dnia 30 sierpnia 2018 r. Zarz\u0105d 9dwunastych podj\u0105\u0142 uchwa\u0142\u0119 dotycz\u0105c\u0105 przyznania dotacji na miniprojekty w ramach drugiego naboru wniosk\u00f3w w Programie wzmacniania dzia\u0142a\u0144 obywatelskich &#8222;W R\u00f3\u017cnorodno\u015bci si\u0142a!&#8221; 2018. Zgodnie z Regulaminem prac komisji konkursowej dofinansowanie mog\u0142y otrzyma\u0107 projekty, kt\u00f3re pozytywnie przesz\u0142y proces oceny formalnej oraz ewentualnych uzupe\u0142nie\u0144, a w wyniku oceny merytorycznej uzyska\u0142y przynajmniej 2...","protected":false},"author":2,"featured_media":2714,"comment_status":"closed","ping_status":"closed","sticky":false,"template":"","format":"standard","meta":{"_jetpack_memberships_contains_paid_content":false,"footnotes":""},"categories":[17],"tags":[],"class_list":["post-2846","post","type-post","status-publish","format-standard","has-post-thumbnail","hentry","category-ogolne"],"acf":[],"jetpack_sharing_enabled":true,"jetpack_featured_media_url":"https:\/\/9dwunastych.org\/wp-content\/uploads\/2018\/05\/Plansza-3.jpg","_links":{"self":[{"href":"https:\/\/9dwunastych.org\/en_us\/wp-json\/wp\/v2\/posts\/2846"}],"collection":[{"href":"https:\/\/9dwunastych.org\/en_us\/wp-json\/wp\/v2\/posts"}],"about":[{"href":"https:\/\/9dwunastych.org\/en_us\/wp-json\/wp\/v2\/types\/post"}],"author":[{"embeddable":true,"href":"https:\/\/9dwunastych.org\/en_us\/wp-json\/wp\/v2\/users\/2"}],"replies":[{"embeddable":true,"href":"https:\/\/9dwunastych.org\/en_us\/wp-json\/wp\/v2\/comments?post=2846"}],"version-history":[{"count":10,"href":"https:\/\/9dwunastych.org\/en_us\/wp-json\/wp\/v2\/posts\/2846\/revisions"}],"predecessor-version":[{"id":3529,"href":"https:\/\/9dwunastych.org\/en_us\/wp-json\/wp\/v2\/posts\/2846\/revisions\/3529"}],"wp:featuredmedia":[{"embeddable":true,"href":"https:\/\/9dwunastych.org\/en_us\/wp-json\/wp\/v2\/media\/2714"}],"wp:attachment":[{"href":"https:\/\/9dwunastych.org\/en_us\/wp-json\/wp\/v2\/media?parent=2846"}],"wp:term":[{"taxonomy":"category","embeddable":true,"href":"https:\/\/9dwunastych.org\/en_us\/wp-json\/wp\/v2\/categories?post=2846"},{"taxonomy":"post_tag","embeddable":true,"href":"https:\/\/9dwunastych.org\/en_us\/wp-json\/wp\/v2\/tags?post=2846"}],"curies":[{"name":"wp","href":"https:\/\/api.w.org\/{rel}","templated":true}]}}