{"id":2957,"date":"2019-11-30T01:08:35","date_gmt":"2019-11-30T00:08:35","guid":{"rendered":"https:\/\/9dwunastych.org\/?p=2957"},"modified":"2023-04-13T22:51:45","modified_gmt":"2023-04-13T20:51:45","slug":"100lat-100lat-100-tysiecy-spolecznosciowe-urodziny-9dwunastych","status":"publish","type":"post","link":"https:\/\/9dwunastych.org\/en_us\/blog\/2019\/11\/30\/100lat-100lat-100-tysiecy-spolecznosciowe-urodziny-9dwunastych\/","title":{"rendered":"100lat 100lat! 100 tysi\u0119cy! Spo\u0142eczno\u015bciowe urodziny 9dwunastych"},"content":{"rendered":"<p>100 lat 100 lat 100 tysi\u0119cy! Wspieraj z nami r\u00f3\u017cnorodn\u0105 i bezpieczn\u0105 przestrze\u0144 dla wszystkich!<\/p>\n<p>??? Zapraszamy na wsp\u00f3lne \u015bwi\u0119towanie 10 lat dzia\u0142alno\u015bci stowarzyszenia 9dwunastych.<br \/>\n\u015awi\u0119towa\u0107 b\u0119dziemy 2 dni: od pi\u0105tku wieczorem do soboty wieczorem. Bo jak si\u0119 bawi\u0107, to ca\u0142y \u0142ikend! I chcemy mie\u0107 jak najwi\u0119cej mo\u017cliwo\u015bci, by si\u0119 spotka\u0107.<\/p>\n<p>Przez te 10 lat przesz\u0142y\u015bmy-li\u015bmy drog\u0119 wielu przemian: zespo\u0142owych, dzia\u0142aniowych i wizerunkowych. Nie zmieni\u0142o si\u0119 to, \u017ce wci\u0105\u017c mo\u017cecie na nas liczy\u0107 we wspieraniu w Bia\u0142ymstoku i wojew\u00f3dztwie podlaskim:<br \/>\n?\u200d\u2642\ufe0f?\u200d\u2640\ufe0f m\u0142odzie\u017cy w braniu spraw w swoje r\u0119ce,<br \/>\n?\u200d??\u200d? kobiet i m\u0119\u017cczyzn w dbaniu o r\u00f3wno\u015b\u0107,<br \/>\n\u2696\ufe0f grup mniejszo\u015bciowych we wzmacnianiu w prawach cz\u0142owieka,<br \/>\n?\u200d\u2640\ufe0f?\u200d\u2640\ufe0f kobiet i dziewczynek w pami\u0119taniu o swojej sile i marzeniach,<br \/>\n\u25b6\ufe0f innych organizacji w rozwijaniu demokracji,<br \/>\n?? przyrody i zwierz\u0105t w traktowaniu z szacunkiem.<\/p>\n<p>W te 10 urodziny chcemy te\u017c Wam powiedzie\u0107, \u017ce bez Was nie damy rady. Potrzebujemy Waszego wsparcia: zar\u00f3wno dobrych s\u0142\u00f3w jak i monet, banknot\u00f3w i przelew\u00f3w. ? ?<br \/>\nJako organizacja r\u00f3wno\u015bciowa mamy uniemo\u017cliwiony b\u0105d\u017a utrudniony dost\u0119p do grant\u00f3w publicznych w Polsce. Od 2 lat dzia\u0142amy dzi\u0119ki wsparciu instytucjonalnemu Fundacji Batorego, kt\u00f3re w tym roku si\u0119 ko\u0144czy, ma\u0142ym darowiznom, grantom mi\u0119dzynarodowym, wspania\u0142ym sojusznikom i sojuszniczkom, wolontariuszom i wolontariuszkom oraz swojej pracy wolontaryjnej.<\/p>\n<p>Dlatego przyjd\u017acie powspomina\u0107 z nami te 10 lat, pozna\u0107 si\u0119 je\u015bli jeszcze nie by\u0142o okazji i wzi\u0105\u0107 udzia\u0142 w:<br \/>\n?? ta\u0144cach mi\u0119dzykulturowych,<br \/>\n\u2640\ufe0f\u2642\ufe0f? grze r\u00f3wno\u015bciowej,<br \/>\npogadance o gender,<br \/>\n???\u200d?\u200d????\u200d\u2642\ufe0f rozmowie o \u017bywej Bibliotece,<br \/>\n? spotkaniu o tym, jak promowa\u0107 r\u00f3\u017cnorodno\u015b\u0107 w szkole,<br \/>\n?? pstrykaniu urodzinowych zdj\u0119\u0107 i puszczaniu ich w przestrze\u0144,<br \/>\n? przekazaniu datku na cele statutowe naszej organizacji.<\/p>\n<p>B\u0119dzie weso\u0142o, powa\u017cnie, wzruszaj\u0105co, inspiruj\u0105co, spo\u0142ecznie.<\/p>","protected":false},"excerpt":{"rendered":"<p>100 lat 100 lat 100 tysi\u0119cy! Wspieraj z nami r\u00f3\u017cnorodn\u0105 i bezpieczn\u0105 przestrze\u0144 dla wszystkich! ??? Zapraszamy na wsp\u00f3lne \u015bwi\u0119towanie 10 lat dzia\u0142alno\u015bci stowarzyszenia 9dwunastych. \u015awi\u0119towa\u0107 b\u0119dziemy 2 dni: od pi\u0105tku wieczorem do soboty wieczorem. Bo jak si\u0119 bawi\u0107, to ca\u0142y \u0142ikend! I chcemy mie\u0107 jak najwi\u0119cej mo\u017cliwo\u015bci, by si\u0119 spotka\u0107. Przez te 10 lat&#8230;<\/p>","protected":false},"author":2,"featured_media":2963,"comment_status":"closed","ping_status":"closed","sticky":false,"template":"","format":"standard","meta":{"_jetpack_memberships_contains_paid_content":false,"footnotes":""},"categories":[17],"tags":[],"class_list":["post-2957","post","type-post","status-publish","format-standard","has-post-thumbnail","hentry","category-ogolne"],"acf":[],"jetpack_sharing_enabled":true,"jetpack_featured_media_url":"https:\/\/9dwunastych.org\/wp-content\/uploads\/2019\/11\/9d.org-Wydarzenie-10URO-v2-1.png","_links":{"self":[{"href":"https:\/\/9dwunastych.org\/en_us\/wp-json\/wp\/v2\/posts\/2957"}],"collection":[{"href":"https:\/\/9dwunastych.org\/en_us\/wp-json\/wp\/v2\/posts"}],"about":[{"href":"https:\/\/9dwunastych.org\/en_us\/wp-json\/wp\/v2\/types\/post"}],"author":[{"embeddable":true,"href":"https:\/\/9dwunastych.org\/en_us\/wp-json\/wp\/v2\/users\/2"}],"replies":[{"embeddable":true,"href":"https:\/\/9dwunastych.org\/en_us\/wp-json\/wp\/v2\/comments?post=2957"}],"version-history":[{"count":9,"href":"https:\/\/9dwunastych.org\/en_us\/wp-json\/wp\/v2\/posts\/2957\/revisions"}],"predecessor-version":[{"id":3533,"href":"https:\/\/9dwunastych.org\/en_us\/wp-json\/wp\/v2\/posts\/2957\/revisions\/3533"}],"wp:featuredmedia":[{"embeddable":true,"href":"https:\/\/9dwunastych.org\/en_us\/wp-json\/wp\/v2\/media\/2963"}],"wp:attachment":[{"href":"https:\/\/9dwunastych.org\/en_us\/wp-json\/wp\/v2\/media?parent=2957"}],"wp:term":[{"taxonomy":"category","embeddable":true,"href":"https:\/\/9dwunastych.org\/en_us\/wp-json\/wp\/v2\/categories?post=2957"},{"taxonomy":"post_tag","embeddable":true,"href":"https:\/\/9dwunastych.org\/en_us\/wp-json\/wp\/v2\/tags?post=2957"}],"curies":[{"name":"wp","href":"https:\/\/api.w.org\/{rel}","templated":true}]}}