{"id":3437,"date":"2023-03-29T02:33:13","date_gmt":"2023-03-29T00:33:13","guid":{"rendered":"https:\/\/new.9dwunastych.org\/?p=3437"},"modified":"2023-04-13T21:50:10","modified_gmt":"2023-04-13T19:50:10","slug":"zrobmy-cos-dla-praw-czlowieka-tu-i-teraz-kawiarenka-obywatelska","status":"publish","type":"post","link":"https:\/\/9dwunastych.org\/en_us\/blog\/2023\/03\/29\/zrobmy-cos-dla-praw-czlowieka-tu-i-teraz-kawiarenka-obywatelska\/","title":{"rendered":"Zr\u00f3bmy co\u015b dla praw cz\u0142owieka. Tu i teraz! &#8211; kawiarenka obywatelska"},"content":{"rendered":"<p><span style=\"font-weight: 400;\">Chcemy komunikowa\u0107 nasze inicjatywy i dzia\u0142ania na zewn\u0105trz, dzieli\u0107 si\u0119 wiedz\u0105 i do\u015bwiadczeniem, a tak\u017ce zaprasza\u0107 inne osoby, by z nami tworzy\u0142y-li przyja\u017aniejszy \u015bwiat. W zwi\u0105zku z tym 19 stycznia 2023 w Centrum Aktywno\u015bci Spo\u0142ecznej* w Bia\u0142ymstoku spotka\u0142y\u015bmy-li\u015bmy si\u0119 na kawiarence obywatelskiej. Spotkanie stworzy\u0142o mo\u017cliwo\u015b\u0107, by spotka\u0107 si\u0119 z osobami z organizacji, grup zaprzyja\u017anionych z 9dwunastych od lat, jak i pozna\u0107 nowe inicjatywy. Jest nas wi\u0119cej &#8211; os\u00f3b, kt\u00f3re chc\u0105 dzia\u0142a\u0107 na rzecz praw cz\u0142owieka i wykorzystywa\u0107 do tego swoje pomys\u0142y, zasoby, potencja\u0142. Tym, co daje nam si\u0142\u0119 i energi\u0119, s\u0105 ludzie wok\u00f3\u0142 nas, kt\u00f3rym warto\u015bci demokratyczne, prawa cz\u0142owieka czy na rzecz ochrony klimatu s\u0105 bliskie.<\/span><\/p>\n<p><span style=\"font-weight: 400;\">Kawiarenka by\u0142a otwarciem programu\u00a0 \u201eEnergia r\u00f3\u017cnorodno\u015bci 2023\u201d, kt\u00f3ry ma na celu budowanie dobrych relacji wok\u00f3\u0142 praw cz\u0142owieka i r\u00f3wnego traktowania w podlaskich organizacjach (w tym grupach nieformalnych i instytucjach). W tym roku wsparcie otrzyma 12 grup, organizacji spo\u0142ecznych i instytucji z wojew\u00f3dztwa podlaskiego.<\/span><\/p>\n<p><span style=\"font-weight: 400;\">Program \u201eEnergia r\u00f3\u017cnorodno\u015bci 2023\u201d odbywa si\u0119 w ramach projektu pt. \u201eNowe drogi dla praw cz\u0142owieka &#8211; online i offline\u201d, kt\u00f3ry realizuje 9dwunastych we wsp\u00f3\u0142pracy ze stowarzyszeniem Egala. Projekt jest finansowany przez Islandi\u0119, Liechtenstein i Norwegi\u0119 z Funduszy EOG i Funduszy Norweskich w ramach Programu Aktywni Obywatele \u2013 Fundusz Regionalny.<\/span><\/p>\n<p><span style=\"font-weight: 400;\">Pomieszczenia Centrum Aktywno\u015bci Spo\u0142ecznej w Bia\u0142ymstoku zosta\u0142y udost\u0119pnione na wydarzenie nieodp\u0142atnie przez Miasto Bia\u0142ystok.<\/span><\/p>","protected":false},"excerpt":{"rendered":"<p>Chcemy komunikowa\u0107 nasze inicjatywy i dzia\u0142ania na zewn\u0105trz, dzieli\u0107 si\u0119 wiedz\u0105 i do\u015bwiadczeniem, a tak\u017ce zaprasza\u0107 inne osoby, by z nami tworzy\u0142y-li przyja\u017aniejszy \u015bwiat. W zwi\u0105zku z tym 19 stycznia 2023 w Centrum Aktywno\u015bci Spo\u0142ecznej* w Bia\u0142ymstoku spotka\u0142y\u015bmy-li\u015bmy si\u0119 na kawiarence obywatelskiej. Spotkanie stworzy\u0142o mo\u017cliwo\u015b\u0107, by spotka\u0107 si\u0119 z osobami z organizacji, grup zaprzyja\u017anionych z&#8230;<\/p>","protected":false},"author":4,"featured_media":3439,"comment_status":"closed","ping_status":"closed","sticky":false,"template":"","format":"standard","meta":{"_jetpack_memberships_contains_paid_content":false,"footnotes":""},"categories":[10],"tags":[],"class_list":["post-3437","post","type-post","status-publish","format-standard","has-post-thumbnail","hentry","category-nowe-drogi-dla-praw-czlowieka"],"acf":[],"jetpack_sharing_enabled":true,"jetpack_featured_media_url":"https:\/\/9dwunastych.org\/wp-content\/uploads\/2023\/03\/Zdjecie-kawiarenka-scaled.jpg","_links":{"self":[{"href":"https:\/\/9dwunastych.org\/en_us\/wp-json\/wp\/v2\/posts\/3437"}],"collection":[{"href":"https:\/\/9dwunastych.org\/en_us\/wp-json\/wp\/v2\/posts"}],"about":[{"href":"https:\/\/9dwunastych.org\/en_us\/wp-json\/wp\/v2\/types\/post"}],"author":[{"embeddable":true,"href":"https:\/\/9dwunastych.org\/en_us\/wp-json\/wp\/v2\/users\/4"}],"replies":[{"embeddable":true,"href":"https:\/\/9dwunastych.org\/en_us\/wp-json\/wp\/v2\/comments?post=3437"}],"version-history":[{"count":1,"href":"https:\/\/9dwunastych.org\/en_us\/wp-json\/wp\/v2\/posts\/3437\/revisions"}],"predecessor-version":[{"id":3438,"href":"https:\/\/9dwunastych.org\/en_us\/wp-json\/wp\/v2\/posts\/3437\/revisions\/3438"}],"wp:featuredmedia":[{"embeddable":true,"href":"https:\/\/9dwunastych.org\/en_us\/wp-json\/wp\/v2\/media\/3439"}],"wp:attachment":[{"href":"https:\/\/9dwunastych.org\/en_us\/wp-json\/wp\/v2\/media?parent=3437"}],"wp:term":[{"taxonomy":"category","embeddable":true,"href":"https:\/\/9dwunastych.org\/en_us\/wp-json\/wp\/v2\/categories?post=3437"},{"taxonomy":"post_tag","embeddable":true,"href":"https:\/\/9dwunastych.org\/en_us\/wp-json\/wp\/v2\/tags?post=3437"}],"curies":[{"name":"wp","href":"https:\/\/api.w.org\/{rel}","templated":true}]}}