{"id":3441,"date":"2023-03-29T04:47:52","date_gmt":"2023-03-29T02:47:52","guid":{"rendered":"https:\/\/new.9dwunastych.org\/?p=3441"},"modified":"2023-04-13T21:50:00","modified_gmt":"2023-04-13T19:50:00","slug":"influencerki-i-influencerzy-na-warsztatach-w-bialymstoku","status":"publish","type":"post","link":"https:\/\/9dwunastych.org\/en_us\/blog\/2023\/03\/29\/influencerki-i-influencerzy-na-warsztatach-w-bialymstoku\/","title":{"rendered":"Influencerki i influencerzy na warsztatach w Bia\u0142ymstoku"},"content":{"rendered":"<p><span style=\"font-weight: 400;\">Media spo\u0142eczno\u015bciowe to miejsce, gdzie toczy si\u0119 znacz\u0105ca cz\u0119\u015b\u0107 naszego \u017cycia: tworz\u0105 si\u0119 relacje, odbywaj\u0105 dyskusje, wybuchaj\u0105 kluczowe spory. \u017bycie w social mediach ju\u017c w zasadzie ca\u0142kiem zespoli\u0142o si\u0119 z \u017cyciem \u201ew realu\u201d. Dlatego na etapie tworzenia planu, do jakich grup dotrze\u0107 z tre\u015bciami antydyskryminacyjnymi, postanowi\u0142y\u015bmy-li\u015bmy zaprosi\u0107 influencerki i influencer\u00f3w. Nasze dzia\u0142ania r\u00f3wno\u015bciowe staramy si\u0119 kierowa\u0107 do grup wp\u0142ywowych, wi\u0119kszo\u015bciowych, opiniotw\u00f3rczych.\u00a0<\/span><\/p>\n<p><span style=\"font-weight: 400;\">Uda\u0142o si\u0119 nam zorganizowa\u0107 spotkanie dla 9 os\u00f3b aktywnie tworz\u0105cych w mediach spo\u0142eczno\u015bciowych. Dzi\u0119kujemy za przybycie: <\/span><a href=\"https:\/\/www.facebook.com\/EverydayHeroPL\"><span style=\"font-weight: 400;\">Everyday Hero<\/span><\/a><span style=\"font-weight: 400;\">,<\/span><a href=\"https:\/\/www.facebook.com\/Stanikomania\"><span style=\"font-weight: 400;\"> Stanikomania<\/span><\/a><span style=\"font-weight: 400;\">,<\/span><a href=\"https:\/\/www.instagram.com\/crush_on_trash\/?hl=pl\"><span style=\"font-weight: 400;\"> crush-on-trash<\/span><\/a><span style=\"font-weight: 400;\">,<\/span><a href=\"https:\/\/kulturaseksualna.pl\/\"><span style=\"font-weight: 400;\"> kultura seksualna<\/span><\/a><span style=\"font-weight: 400;\">,<\/span><a href=\"https:\/\/www.facebook.com\/baniakbaniaka\"><span style=\"font-weight: 400;\"> Baniak Baniaka<\/span><\/a><span style=\"font-weight: 400;\">,<\/span><a href=\"https:\/\/www.facebook.com\/profile.php?id=100062337288573\"><span style=\"font-weight: 400;\"> Justyna Ne-Mi<\/span><\/a><span style=\"font-weight: 400;\">,<\/span><a href=\"https:\/\/www.instagram.com\/czlowiek_smiec\/?hl=pl\"><span style=\"font-weight: 400;\"> Cz\u0142owiek \u015amie\u0107<\/span><\/a><span style=\"font-weight: 400;\">,<\/span><a href=\"https:\/\/www.youtube.com\/c\/JolaSzymanska\"><span style=\"font-weight: 400;\"> Jola Szyma\u0144ska<\/span><\/a><span style=\"font-weight: 400;\">,<\/span><a href=\"https:\/\/www.instagram.com\/bezinteresowny_onair\/\"><span style=\"font-weight: 400;\">\u00a0 bezinteresowny_onair<\/span><\/a><span style=\"font-weight: 400;\">. Warsztat odby\u0142 si\u0119 20-21 stycznia 2023.<\/span><\/p>\n<p><span style=\"font-weight: 400;\">By\u0142o nam bardzo mi\u0142o, \u017ce osoby uczestnicz\u0105ce zdecydowa\u0142y si\u0119 przyjecha\u0107 do odleg\u0142ego r\u00f3wnie\u017c dla wi\u0119kszo\u015bci z nich Bia\u0142egostoku. Przy\u015bwieca\u0142y im r\u00f3\u017cne motywacje, oto jedna z nich: \u201eBardzo ceni\u0119 okazj\u0119 do spotkania z \u27ebkole\u017ce\u0144stwem po fachu\u27ea i wymiany do\u015bwiadcze\u0144, brakuje mi tego na co dzie\u0144. Mia\u0142am zw\u0142aszcza nadziej\u0119 pos\u0142ucha\u0107 os\u00f3b o kr\u00f3tszym sta\u017cu i to oczekiwanie zosta\u0142o w 100% spe\u0142nione\u201d**. Cieszymy si\u0119, \u017ce uda\u0142o nam si\u0119 odpowiedzie\u0107 na t\u0119 podkre\u015blon\u0105 przez kilka os\u00f3b uczestnicz\u0105cych potrzeb\u0119 stworzenia przyjaznej przestrzeni do spotkania, wzajemnego poznania. To by\u0142o cenne, bo jak si\u0119 okazuje, wiele os\u00f3b ze \u015bwiata medi\u00f3w spo\u0142eczno\u015bciowych nie zna osobi\u015bcie innych os\u00f3b ze swojej bran\u017cy.\u00a0<\/span><\/p>\n<p><span style=\"font-weight: 400;\">Mamy nadziej\u0119, \u017ce uda\u0142o nam si\u0119 osi\u0105gn\u0105\u0107 podczas warsztatu to, co by\u0142o od pocz\u0105tku g\u0142\u00f3wnym celem, czyli skonfrontowanie os\u00f3b uczestnicz\u0105cych z w\u0142asnymi stereotypami, uprzedzeniami i tw\u00f3rcza refleksja, jak \u015bwiadomie z tym pracowa\u0107. Jeden z uczestnik\u00f3w napisa\u0142 po warsztacie, \u017ce najwa\u017cniejsze, co wynosi z tego spotkania, to: \u201eZaskakuj\u0105ce odczucia, kt\u00f3re w sobie odkrywa\u0142em i odkrywam, obserwacja reakcji innych uczestnik\u00f3w reprezentuj\u0105cych inne mniejszo\u015bci\/grupy spo\u0142eczne w okre\u015blonych sytuacjach\u201d. To zaskoczenie odczuciami, odkrycie jakiej\u015b mocno uwewn\u0119trznionej cz\u0119\u015bci swoich przekona\u0144\u00a0 jest wa\u017cnym narz\u0119dziem dla nas, os\u00f3b zajmuj\u0105cych si\u0119 edukacj\u0105 antydyskryminacyjn\u0105. Nie bez znaczenia s\u0105 te\u017c do\u015bwiadczenia i nastawienie samych os\u00f3b, co podsumowa\u0142a trafnie jedna z uczestniczek: \u201eUwa\u017cno\u015b\u0107 prowadz\u0105cych przek\u0142ada\u0142a si\u0119 na wzajemn\u0105 uwa\u017cno\u015b\u0107 uczestnicz\u0105cych. Dzi\u0119ki temu by\u0142o \u0142atwiej skonfrontowa\u0107 si\u0119 ze swoimi emocjami i postawami i o nich opowiedzie\u0107\u201d.<\/span><\/p>\n<p><span style=\"font-weight: 400;\">Grupa, z kt\u00f3r\u0105 mog\u0142y\u015bmy-li\u015bmy pracowa\u0107, by\u0142a naprawd\u0119 wymarzon\u0105 do tego typu dzia\u0142a\u0144 \u2013 dlatego te\u017c mamy z warsztatu mn\u00f3stwo satysfakcji i same-sami r\u00f3wnie\u017c wiele si\u0119 dowiedzia\u0142y\u015bmy-li\u015bmy!<\/span><\/p>\n<p><span style=\"font-weight: 400;\">Program \u201eEnergia r\u00f3\u017cnorodno\u015bci 2023\u201d odbywa si\u0119 w ramach projektu pt. \u201eNowe drogi dla praw cz\u0142owieka &#8211; online i offline\u201d, kt\u00f3ry realizuje 9dwunastych we wsp\u00f3\u0142pracy ze stowarzyszeniem Egala. Projekt jest finansowany przez Islandi\u0119, Liechtenstein i Norwegi\u0119 z Funduszy EOG i Funduszy Norweskich w ramach Programu Aktywni Obywatele \u2013 Fundusz Regionalny.<\/span><\/p>\n<p><span style=\"font-weight: 400;\">Pomieszczenia Centrum Aktywno\u015bci Spo\u0142ecznej w Bia\u0142ymstoku zosta\u0142y udost\u0119pnione na wydarzenie nieodp\u0142atnie przez Miasto Bia\u0142ystok.<\/span><\/p>\n<p>&nbsp;<\/p>\n<p>&nbsp;<\/p>","protected":false},"excerpt":{"rendered":"<p>Media spo\u0142eczno\u015bciowe to miejsce, gdzie toczy si\u0119 znacz\u0105ca cz\u0119\u015b\u0107 naszego \u017cycia: tworz\u0105 si\u0119 relacje, odbywaj\u0105 dyskusje, wybuchaj\u0105 kluczowe spory. \u017bycie w social mediach ju\u017c w zasadzie ca\u0142kiem zespoli\u0142o si\u0119 z \u017cyciem \u201ew realu\u201d. Dlatego na etapie tworzenia planu, do jakich grup dotrze\u0107 z tre\u015bciami antydyskryminacyjnymi, postanowi\u0142y\u015bmy-li\u015bmy zaprosi\u0107 influencerki i influencer\u00f3w. Nasze dzia\u0142ania r\u00f3wno\u015bciowe staramy si\u0119&#8230;<\/p>","protected":false},"author":4,"featured_media":3442,"comment_status":"closed","ping_status":"closed","sticky":false,"template":"","format":"standard","meta":{"_jetpack_memberships_contains_paid_content":false,"footnotes":""},"categories":[10],"tags":[],"class_list":["post-3441","post","type-post","status-publish","format-standard","has-post-thumbnail","hentry","category-nowe-drogi-dla-praw-czlowieka"],"acf":[],"jetpack_sharing_enabled":true,"jetpack_featured_media_url":"https:\/\/9dwunastych.org\/wp-content\/uploads\/2023\/03\/Zdjecie-influencerki-scaled.jpg","_links":{"self":[{"href":"https:\/\/9dwunastych.org\/en_us\/wp-json\/wp\/v2\/posts\/3441"}],"collection":[{"href":"https:\/\/9dwunastych.org\/en_us\/wp-json\/wp\/v2\/posts"}],"about":[{"href":"https:\/\/9dwunastych.org\/en_us\/wp-json\/wp\/v2\/types\/post"}],"author":[{"embeddable":true,"href":"https:\/\/9dwunastych.org\/en_us\/wp-json\/wp\/v2\/users\/4"}],"replies":[{"embeddable":true,"href":"https:\/\/9dwunastych.org\/en_us\/wp-json\/wp\/v2\/comments?post=3441"}],"version-history":[{"count":1,"href":"https:\/\/9dwunastych.org\/en_us\/wp-json\/wp\/v2\/posts\/3441\/revisions"}],"predecessor-version":[{"id":3443,"href":"https:\/\/9dwunastych.org\/en_us\/wp-json\/wp\/v2\/posts\/3441\/revisions\/3443"}],"wp:featuredmedia":[{"embeddable":true,"href":"https:\/\/9dwunastych.org\/en_us\/wp-json\/wp\/v2\/media\/3442"}],"wp:attachment":[{"href":"https:\/\/9dwunastych.org\/en_us\/wp-json\/wp\/v2\/media?parent=3441"}],"wp:term":[{"taxonomy":"category","embeddable":true,"href":"https:\/\/9dwunastych.org\/en_us\/wp-json\/wp\/v2\/categories?post=3441"},{"taxonomy":"post_tag","embeddable":true,"href":"https:\/\/9dwunastych.org\/en_us\/wp-json\/wp\/v2\/tags?post=3441"}],"curies":[{"name":"wp","href":"https:\/\/api.w.org\/{rel}","templated":true}]}}