{"id":3552,"date":"2023-05-16T19:25:53","date_gmt":"2023-05-16T17:25:53","guid":{"rendered":"https:\/\/9dwunastych.org\/?p=3552"},"modified":"2023-05-21T16:20:01","modified_gmt":"2023-05-21T14:20:01","slug":"kolejny-udzial-w-warsztacie-25-26-marca-2023","status":"publish","type":"post","link":"https:\/\/9dwunastych.org\/en_us\/blog\/2023\/05\/16\/kolejny-udzial-w-warsztacie-25-26-marca-2023\/","title":{"rendered":"Kolejny udzia\u0142 w warsztacie 25\u201326 marca 2023"},"content":{"rendered":"<section class=\"l-section wpb_row height_medium\"><div class=\"l-section-h i-cf\"><div class=\"g-cols vc_row via_flex valign_top type_default stacking_default\"><div class=\"vc_col-sm-12 wpb_column vc_column_container\"><div class=\"vc_column-inner\"><div class=\"wpb_wrapper\"><div class=\"wpb_text_column\"><div class=\"wpb_wrapper\"><p>Ta \u015bwietna ekipa os\u00f3b, kt\u00f3r\u0105 widzicie na zdj\u0119ciu, 25\u201326 marca 2023 wzi\u0119\u0142a udzia\u0142 w warsztacie na temat praw cz\u0142owieka \u2013 pierwszym wydarzeniu programu Energia R\u00f3\u017cnorodno\u015bci 2023. Program wspiera dwana\u015bcie podlaskich organizacji, grup nieformalnych, instytucji w rozwijaniu wiedzy antydyskryminacyjnej i r\u00f3wno\u015bciowej. Poprzez program chcemy osobom z <b>ca\u0142ego wojew\u00f3dztwa<\/b> \u2013 co jest dla nas bardzo wa\u017cne! \u2013 umo\u017cliwi\u0107 nawi\u0105zanie relacji, by m\u00f3c <b>tworzy\u0107 wsp\u00f3lnie \u015bwiat przyjazny i bezpieczny dla wszystkich<\/b>.<\/p>\n<p>W maju rozpocz\u0105\u0142 si\u0119 kolejny etap programu \u2013 wymy\u015blanie autorskiego dzia\u0142ania przez ka\u017cd\u0105 z organizacji, ze wsparciem tutor\u00f3w i tutorek. Trzymajcie za nas kciuki. W okresie maja\u2013pa\u017adziernika w <b>Bia\u0142ymstoku, Suwa\u0142kach, Gr\u00f3dku, Bielsku Podlaskim <\/b>zadzieje si\u0119 <b>dwana\u015bcie<\/b> wspania\u0142ych inicjatyw na rzecz praw cz\u0142owieka oraz dzia\u0142a\u0144 wspieraj\u0105cych r\u00f3wno\u015bciowe inicjatywy i organizacje.<\/p>\n<p>Razem z nami program wsp\u00f3\u0142tworz\u0105 <a href=\"https:\/\/www.facebook.com\/profile.php?id=100081646397166\">Fundacja Adwokaci Spo\u0142ecze\u0144stwu<\/a>, <a href=\"https:\/\/www.facebook.com\/polishcenterfortorturevictims\">The Polish Center for Torture Survivor<\/a>, <a href=\"https:\/\/www.facebook.com\/StowarzyszenieWidok\">Stowarzyszenie Edukacji Kulturalnej Widok<\/a>, <a href=\"https:\/\/www.facebook.com\/Stowarzyszenie-LUWIA-109742264258686\/\">Stowarzyszenie LUWIA<\/a>, <a href=\"https:\/\/owop.org.pl\/\">O\u015brodek Wspierania Organizacji Pozarz\u0105dowych &#8211; OWOP<\/a>, <a href=\"https:\/\/efc.edu.pl\/\">Fundacja EFC<\/a>, <a href=\"https:\/\/www.facebook.com\/otwartyparasolorg\">Otwarty Parasol<\/a>, <a href=\"https:\/\/biblioteka-bielsk.pl\/\">Miejska Biblioteka Publiczna w Bielsku Podlaskim<\/a>, <a href=\"https:\/\/www.facebook.com\/bibliotekapublicznaw.grodku.3\">Biblioteka Publiczna W Gr\u00f3dku<\/a>, <a href=\"https:\/\/100leciekobiet.pl\/\">100-lecie Kobiet<\/a>, <a href=\"https:\/\/www.facebook.com\/TeczowyBialystok\">T\u0119czowy Bia\u0142ystok<\/a>, grupa nieformalna Razem z T\u0119cz\u0105.<\/p>\n<p>Jedna z uczestniczek napisa\u0142a po warsztacie, \u017ce \u201eby\u0142 rewelacyjnie sp\u0119dzonym czasem, bardzo aktywnym i ubogacaj\u0105cym\u201d. To dla nas najlepsza recenzja!<\/p>\n<p>Warsztat odby\u0142 si\u0119 w <a href=\"https:\/\/www.cas.bialystok.pl\/\">Centrum Aktywno\u015bci Spo\u0142ecznej<\/a>. Pomieszczenia Centrum Aktywno\u015bci Spo\u0142ecznej w Bia\u0142ymstoku zosta\u0142y udost\u0119pnione na wydarzenie nieodp\u0142atnie przez Miasto Bia\u0142ystok.<\/p>\n<\/div><\/div><\/div><\/div><\/div><\/div><\/div><\/section>","protected":false},"excerpt":{"rendered":"Ta \u015bwietna ekipa os\u00f3b, kt\u00f3r\u0105 widzicie na zdj\u0119ciu, 25\u201326 marca 2023 wzi\u0119\u0142a udzia\u0142 w warsztacie na temat praw cz\u0142owieka \u2013 pierwszym wydarzeniu programu Energia R\u00f3\u017cnorodno\u015bci 2023. Program wspiera dwana\u015bcie podlaskich organizacji, grup nieformalnych, instytucji w rozwijaniu wiedzy antydyskryminacyjnej i r\u00f3wno\u015bciowej. Poprzez program chcemy osobom z ca\u0142ego wojew\u00f3dztwa \u2013 co jest dla nas bardzo wa\u017cne! \u2013...","protected":false},"author":4,"featured_media":3553,"comment_status":"closed","ping_status":"closed","sticky":false,"template":"","format":"standard","meta":{"_jetpack_memberships_contains_paid_content":false,"footnotes":""},"categories":[10],"tags":[],"class_list":["post-3552","post","type-post","status-publish","format-standard","has-post-thumbnail","hentry","category-nowe-drogi-dla-praw-czlowieka"],"acf":[],"jetpack_sharing_enabled":true,"jetpack_featured_media_url":"https:\/\/9dwunastych.org\/wp-content\/uploads\/2023\/05\/25.03.2023-19_46_4811-scaled.jpg","_links":{"self":[{"href":"https:\/\/9dwunastych.org\/en_us\/wp-json\/wp\/v2\/posts\/3552"}],"collection":[{"href":"https:\/\/9dwunastych.org\/en_us\/wp-json\/wp\/v2\/posts"}],"about":[{"href":"https:\/\/9dwunastych.org\/en_us\/wp-json\/wp\/v2\/types\/post"}],"author":[{"embeddable":true,"href":"https:\/\/9dwunastych.org\/en_us\/wp-json\/wp\/v2\/users\/4"}],"replies":[{"embeddable":true,"href":"https:\/\/9dwunastych.org\/en_us\/wp-json\/wp\/v2\/comments?post=3552"}],"version-history":[{"count":2,"href":"https:\/\/9dwunastych.org\/en_us\/wp-json\/wp\/v2\/posts\/3552\/revisions"}],"predecessor-version":[{"id":3559,"href":"https:\/\/9dwunastych.org\/en_us\/wp-json\/wp\/v2\/posts\/3552\/revisions\/3559"}],"wp:featuredmedia":[{"embeddable":true,"href":"https:\/\/9dwunastych.org\/en_us\/wp-json\/wp\/v2\/media\/3553"}],"wp:attachment":[{"href":"https:\/\/9dwunastych.org\/en_us\/wp-json\/wp\/v2\/media?parent=3552"}],"wp:term":[{"taxonomy":"category","embeddable":true,"href":"https:\/\/9dwunastych.org\/en_us\/wp-json\/wp\/v2\/categories?post=3552"},{"taxonomy":"post_tag","embeddable":true,"href":"https:\/\/9dwunastych.org\/en_us\/wp-json\/wp\/v2\/tags?post=3552"}],"curies":[{"name":"wp","href":"https:\/\/api.w.org\/{rel}","templated":true}]}}