{"id":3592,"date":"2023-09-19T20:32:36","date_gmt":"2023-09-19T18:32:36","guid":{"rendered":"https:\/\/9dwunastych.org\/?p=3592"},"modified":"2023-09-19T20:32:36","modified_gmt":"2023-09-19T18:32:36","slug":"warsztat-antydyskryminacyjny-dla-osob-ze-spolecznosci-wikimediow-8-i-9-lipca-2023","status":"publish","type":"post","link":"https:\/\/9dwunastych.org\/en_us\/blog\/2023\/09\/19\/warsztat-antydyskryminacyjny-dla-osob-ze-spolecznosci-wikimediow-8-i-9-lipca-2023\/","title":{"rendered":"Warsztat antydyskryminacyjny dla os\u00f3b ze spo\u0142eczno\u015bci Wikimedi\u00f3w \u2013 8 i 9 lipca 2023"},"content":{"rendered":"<p><span style=\"font-weight: 400;\">Zorganizowany przez 9dwunastych we Wroc\u0142awiu warsztat antydyskryminacyjny by\u0142 jedn\u0105 z rzadkich okazji, by osoby edytuj\u0105ce internetow\u0105 encyklopedi\u0119 spotka\u0142y si\u0119 na \u017cywo.\u00a0<\/span><\/p>\n<p><span style=\"font-weight: 400;\">Zacz\u0119\u0142y-li\u015bmy w sobot\u0119 od zapoznania si\u0119 ze sob\u0105 wzajemnie, scharakteryzowania istotnych w edukacji antydyskryminacyjnej poj\u0119\u0107 i rozmowy o herstorii, czyli historii z perspektywy kobiet \u2013 a tak\u017ce miejsca dla herstorii na Wikipedii. Niedzielne spotkanie po\u015bwi\u0119ci\u0142y-li\u015bmy \u0107wiczeniom antydyskryminacyjnym oraz dyskusji na temat standard\u00f3w r\u00f3wno\u015bciowych mo\u017cliwych do zaimplikowania w spo\u0142eczno\u015bciach Wikimedi\u00f3w.<\/span><\/p>\n<p><span style=\"font-weight: 400;\">W warsztacie wzi\u0119\u0142o udzia\u0142 11 os\u00f3b z Wroc\u0142awia, Krakowa, Warszawy, Rybnika i Mi\u0144ska Mazowieckiego. Bardzo dzi\u0119kujemy wszystkim osobom, kt\u00f3re pozytywnie odpowiedzia\u0142y na nasze zaproszenie. To by\u0142 wa\u017cny dla nas weekend i czas po\u015bwi\u0119cony wsp\u00f3lnej pracy na rzecz tego, by polska Wikipedia by\u0142a \u017ar\u00f3d\u0142em wiedzy wolnej od stereotypowych przekaz\u00f3w i uprzedze\u0144, opisuj\u0105cym w adekwatny spos\u00f3b wk\u0142ad os\u00f3b o r\u00f3\u017cnych to\u017csamo\u015bciach i cechach w \u015bwiatowe dokonania. Dzi\u0119kujemy r\u00f3wnie\u017c za pomoc w u\u0142o\u017ceniu programu warsztat\u00f3w wikipedystkom: Iwonie Demko i Beacie Janus.<\/span><\/p>\n<p><span style=\"font-weight: 400;\">Warsztat odby\u0142 si\u0119 w przyjaznej przestrzeni <\/span><a href=\"https:\/\/www.facebook.com\/Fundacja.EkoRozwoju?__cft__[0]=AZXAiTCwvA7i3O9lG67S_yahGnzELbqn4ZCFJCEXaiE6X1F5cfPrdeIShjG14WLTmd4gsdftG2mZBe9Mej6FOVdwZT3d578lFEgKUlQwR2VQ6WdokKSXt7vZa7zcnB-k62WTiwe0ewVaPk5cE_DWremhuIxCaKC6I_zSI8TDnAmLRXAzkuGylBxNIBPWywPxh6Y&amp;__tn__=-]K-R\"><span style=\"font-weight: 400;\">prowadzonej przez <\/span><span style=\"font-weight: 400;\">Fundacj\u0119 EkoRozwoju<\/span><\/a><span style=\"font-weight: 400;\">\u00a0 \u2013 <\/span><a href=\"https:\/\/www.facebook.com\/ekocentrum.wroclaw?__cft__[0]=AZXAiTCwvA7i3O9lG67S_yahGnzELbqn4ZCFJCEXaiE6X1F5cfPrdeIShjG14WLTmd4gsdftG2mZBe9Mej6FOVdwZT3d578lFEgKUlQwR2VQ6WdokKSXt7vZa7zcnB-k62WTiwe0ewVaPk5cE_DWremhuIxCaKC6I_zSI8TDnAmLRXAzkuGylBxNIBPWywPxh6Y&amp;__tn__=-]K-R\"><span style=\"font-weight: 400;\">EkoCentrum Wroc\u0142aw<\/span><\/a><span style=\"font-weight: 400;\"> z dzikim, zielonym ogrodem, kt\u00f3ry podczas przerw dawa\u0142 ukojenie w upale.<\/span><\/p>\n<p><span style=\"font-weight: 400;\">\u2014<\/span><\/p>\n<p><span style=\"font-weight: 400;\">Warsztat odby\u0142 si\u0119 w ramach projektu pt. \u201eNowe drogi dla praw cz\u0142owieka \u2013 online i offline\u201d, kt\u00f3ry realizuje 9dwunastych we wsp\u00f3\u0142pracy ze stowarzyszeniem Egala. Projekt jest finansowany przez Islandi\u0119, Liechtenstein i Norwegi\u0119 z Funduszy EOG i Funduszy Norweskich w ramach Programu Aktywni Obywatele \u2013 Fundusz Regionalny.<\/span><\/p>\n<p><span style=\"font-weight: 400;\">Wykorzystana fotografia: Fot. Maria Weronika Kmoch, CC BY-SA 4.0 &lt;<\/span><a href=\"https:\/\/creativecommons.org\/licenses\/by-sa\/4.0?fbclid=IwAR320pf-7K4sU7ORxCKJxF3uE49d_0-qYSLkoqe36mLghua5NP5yzy88oJ0\"><span style=\"font-weight: 400;\">https:\/\/creativecommons.org\/licenses\/by-sa\/4.0<\/span><\/a><span style=\"font-weight: 400;\">&gt;, Wikimedia Commons<\/span><\/p>","protected":false},"excerpt":{"rendered":"<p>Zorganizowany przez 9dwunastych we Wroc\u0142awiu warsztat antydyskryminacyjny by\u0142 jedn\u0105 z rzadkich okazji, by osoby edytuj\u0105ce internetow\u0105 encyklopedi\u0119 spotka\u0142y si\u0119 na \u017cywo.\u00a0 Zacz\u0119\u0142y-li\u015bmy w sobot\u0119 od zapoznania si\u0119 ze sob\u0105 wzajemnie, scharakteryzowania istotnych w edukacji antydyskryminacyjnej poj\u0119\u0107 i rozmowy o herstorii, czyli historii z perspektywy kobiet \u2013 a tak\u017ce miejsca dla herstorii na Wikipedii. Niedzielne spotkanie&#8230;<\/p>","protected":false},"author":4,"featured_media":3593,"comment_status":"closed","ping_status":"closed","sticky":false,"template":"","format":"standard","meta":{"_jetpack_memberships_contains_paid_content":false,"footnotes":""},"categories":[10],"tags":[],"class_list":["post-3592","post","type-post","status-publish","format-standard","has-post-thumbnail","hentry","category-nowe-drogi-dla-praw-czlowieka"],"acf":[],"jetpack_sharing_enabled":true,"jetpack_featured_media_url":"https:\/\/9dwunastych.org\/wp-content\/uploads\/2023\/09\/Warsztat-antydyskryminacyjny-dla-osob-ze-spolecznosci-Wikimediow-\u2013-8-i-9-lipca-2023-scaled.jpg","_links":{"self":[{"href":"https:\/\/9dwunastych.org\/en_us\/wp-json\/wp\/v2\/posts\/3592"}],"collection":[{"href":"https:\/\/9dwunastych.org\/en_us\/wp-json\/wp\/v2\/posts"}],"about":[{"href":"https:\/\/9dwunastych.org\/en_us\/wp-json\/wp\/v2\/types\/post"}],"author":[{"embeddable":true,"href":"https:\/\/9dwunastych.org\/en_us\/wp-json\/wp\/v2\/users\/4"}],"replies":[{"embeddable":true,"href":"https:\/\/9dwunastych.org\/en_us\/wp-json\/wp\/v2\/comments?post=3592"}],"version-history":[{"count":1,"href":"https:\/\/9dwunastych.org\/en_us\/wp-json\/wp\/v2\/posts\/3592\/revisions"}],"predecessor-version":[{"id":3594,"href":"https:\/\/9dwunastych.org\/en_us\/wp-json\/wp\/v2\/posts\/3592\/revisions\/3594"}],"wp:featuredmedia":[{"embeddable":true,"href":"https:\/\/9dwunastych.org\/en_us\/wp-json\/wp\/v2\/media\/3593"}],"wp:attachment":[{"href":"https:\/\/9dwunastych.org\/en_us\/wp-json\/wp\/v2\/media?parent=3592"}],"wp:term":[{"taxonomy":"category","embeddable":true,"href":"https:\/\/9dwunastych.org\/en_us\/wp-json\/wp\/v2\/categories?post=3592"},{"taxonomy":"post_tag","embeddable":true,"href":"https:\/\/9dwunastych.org\/en_us\/wp-json\/wp\/v2\/tags?post=3592"}],"curies":[{"name":"wp","href":"https:\/\/api.w.org\/{rel}","templated":true}]}}