{"id":3599,"date":"2023-12-31T00:57:12","date_gmt":"2023-12-30T23:57:12","guid":{"rendered":"https:\/\/9dwunastych.org\/?p=3599"},"modified":"2024-03-16T01:09:47","modified_gmt":"2024-03-16T00:09:47","slug":"podsumowanie-programu-energia-roznorodnosci-2023","status":"publish","type":"post","link":"https:\/\/9dwunastych.org\/en_us\/blog\/2023\/12\/31\/podsumowanie-programu-energia-roznorodnosci-2023\/","title":{"rendered":"Podsumowanie programu &#8222;Energia r\u00f3\u017cnorodno\u015bci 2023&#8221;"},"content":{"rendered":"<section class=\"l-section wpb_row height_medium\"><div class=\"l-section-h i-cf\"><div class=\"g-cols vc_row via_flex valign_top type_default stacking_default\"><div class=\"vc_col-sm-12 wpb_column vc_column_container\"><div class=\"vc_column-inner\"><div class=\"wpb_wrapper\"><div class=\"wpb_text_column\"><div class=\"wpb_wrapper\"><p><span style=\"font-weight: 400;\">Zapraszamy do podsumowania fascynuj\u0105cej przygody naszego stowarzyszenia! \ud83d\ude80\u00a0<\/span><\/p>\n<p><span style=\"font-weight: 400;\">Zako\u0144czy\u0142 si\u0119 tegoroczny program \u201eEnergia R\u00f3\u017cnorodno\u015bci 2023\u201d. W trakcie tego przedsi\u0119wzi\u0119cia mia\u0142y-li\u015bmy okazj\u0119 wsp\u00f3\u0142pracowa\u0107 z 12 r\u00f3\u017cnorodnymi i fantastycznymi organizacjami, instytucjami i grupami nieformalnymi z wojew\u00f3dztwa podlaskiego. Razem z nimi anga\u017cowa\u0142y-li\u015bmy si\u0119 w dzia\u0142ania na rzecz praw cz\u0142owieka, wspieraj\u0105c ich naszym do\u015bwiadczeniem i zaanga\u017cowaniem. \ud83e\udd1d Wszystkie grupy podj\u0119\u0142y si\u0119 zorganizowania inspiruj\u0105cych dzia\u0142a\u0144-\u0107wicze\u0144 na rzecz praw cz\u0142owieka.<\/span><\/p>\n<p><span style=\"font-weight: 400;\">W ramach naszego programu \u201eEnergia R\u00f3\u017cnorodno\u015bci 2023\u201d uczestnicz\u0105ce w nim organizacje mia\u0142y szans\u0119 do\u015bwiadczy\u0107 r\u00f3\u017cnorodnych spotka\u0144, kt\u00f3re wzbogaci\u0142y ich dzia\u0142alno\u015b\u0107. Oto, co w ramach programu zrealizowa\u0142y-li\u015bmy:<\/span><\/p>\n<ul>\n<li style=\"font-weight: 400;\" aria-level=\"1\"><span style=\"font-weight: 400;\">Osobiste spotkanie otwieraj\u0105ce projekt z antydyskryminacyjnym warsztatem, kt\u00f3ry ukierunkowa\u0142 osoby uczestnicz\u0105ce na \u015bcie\u017ck\u0119 wsp\u00f3\u0142pracy i pozytywnych zmian. \ud83c\udf08<\/span><\/li>\n<li style=\"font-weight: 400;\" aria-level=\"1\"><span style=\"font-weight: 400;\">85 godzin tutoringu rozwojowego. To dedykowane, indywidualne i grupowe wsparcie dla ka\u017cdej z uczestnicz\u0105cych organizacji, kt\u00f3re pomaga w skutecznym realizowaniu i rozwijaniu dzia\u0142a\u0144 na rzecz spo\u0142eczno\u015bci. \ud83d\udcda Proces tutoringu wci\u0105\u017c trwa i cz\u0119\u015b\u0107 grup dalej korzysta z oferty rozm\u00f3w, szkole\u0144 i spotka\u0144.<\/span><\/li>\n<li style=\"font-weight: 400;\" aria-level=\"1\"><span style=\"font-weight: 400;\">4 spotkania wsp\u00f3lnotowe przeprowadzone w formie zdalnej. By\u0142y okazj\u0105 do wymiany do\u015bwiadcze\u0144, informowania o post\u0119pach w programie oraz motywowania si\u0119 wzajemnie. To platforma, na kt\u00f3rej budowa\u0142y-li\u015bmy relacje, dzieli\u0142y-li\u015bmy si\u0119 wiedz\u0105 i inspirowa\u0142y-li\u015bmy si\u0119 nawzajem do dalszych dzia\u0142a\u0144. \ud83e\udd17<\/span><\/li>\n<li style=\"font-weight: 400;\" aria-level=\"1\"><span style=\"font-weight: 400;\">Osobiste spotkanie fina\u0142owe, kt\u00f3re odby\u0142o si\u0119 17\u201318 listopada na Wydziale Socjologii Uniwersytetu w Bia\u0142ymstoku. Pierwszego dnia \u015bwi\u0119towa\u0142y-li\u015bmy wsp\u00f3ln\u0105 kolacj\u0105, kreatywnymi toastami i kuluarowymi rozmowami, dziel\u0105c si\u0119 wzajemn\u0105 pasj\u0105 do tworzenia pozytywnych zmian. \ud83c\udf89 W sobot\u0119 18 listopada odby\u0142y si\u0119 warsztaty podsumowuj\u0105ce zako\u0144czone dzia\u0142ania-\u0107wiczenia i ca\u0142y program.<\/span><\/li>\n<\/ul>\n<p><span style=\"font-weight: 400;\">To wszystko s\u0142u\u017cy\u0142o realizacji dzia\u0142a\u0144-\u0107wicze\u0144 \u2013 ma\u0142ych inicjatyw na rzecz praw cz\u0142owieka, kt\u00f3re przeprowadzi\u0142y wszystkie spo\u015br\u00f3d 12 organizacji, instytucji i grup. Te organizacje, kt\u00f3re dzia\u0142aj\u0105 na co dzie\u0144 na rzecz praw cz\u0142owieka, mog\u0142y wykorzysta\u0107 \u015brodki na dowolne dzia\u0142anie, r\u00f3wnie\u017c wytchnieniowe, szkolenia dla zespo\u0142u czy rozw\u00f3j organizacji. \ud83c\udf31<\/span><\/p>\n<p><span style=\"font-weight: 400;\">Dzi\u0119kujemy wszystkim uczestnicz\u0105cym organizacjom za zaanga\u017cowanie, kreatywno\u015b\u0107 i determinacj\u0119. Razem udowodni\u0142y-li\u015bmy, \u017ce w wojew\u00f3dztwie podlaskim dzia\u0142a wiele aktywnych i kreatywnych os\u00f3b gotowych zmienia\u0107 \u015bwiat na lepsze. To dopiero pocz\u0105tek naszej wsp\u00f3lnej drogi ku budowaniu bardziej zr\u00f3wnowa\u017conego i r\u00f3\u017cnorodnego spo\u0142ecze\u0144stwa. \ud83c\udf0d<\/span><\/p>\n<p>&nbsp;<\/p>\n<p><span style=\"font-weight: 400;\">A oto jakie wspania\u0142e dzia\u0142ania-\u0107wiczenia zrobi\u0142y nasze organizacje:<\/span><\/p>\n<p><a href=\"https:\/\/www.facebook.com\/profile.php?id=100081646397166\"><span style=\"font-weight: 400;\">Fundacja Adwokaci Spo\u0142ecze\u0144stwu<\/span><\/a><span style=\"font-weight: 400;\"> zorganizowa\u0142a dla siebie szkolenie z pracy z klientami i klientkami w traumie.<\/span><\/p>\n<p><a href=\"https:\/\/www.instagram.com\/teczowybialystok\/\"><span style=\"font-weight: 400;\">T\u0119czowy Bia\u0142ystok<\/span><\/a><span style=\"font-weight: 400;\"> zorganizowa\u0142 3 Marsz R\u00f3wno\u015bci w Bia\u0142ymstoku.<\/span><\/p>\n<p><span style=\"font-weight: 400;\">Fundacja<\/span><a href=\"https:\/\/www.facebook.com\/polishcenterfortorturesurvivors?__cft__&#091;0&#093;=AZW09nNb9qZ5JK_vcm35u0VFZAjBwGs0L6nta_n-4Oj2Bgjqc_qHoFw-xK-y7nVZN6f49-MUPulAiXZzNohU92nBCA6Svkml6zTFVNOmTiFgsbzeRV6XDtltiL6FB1ii1XkSYyFEgP_iDH0sd-3tT3Dvw1PvtFsaeinzT7dURUrkNb_4YVyg0cyylFFmXuBd4k8&amp;__tn__=-&#093;K-R\"> <span style=\"font-weight: 400;\">Polish Center for Torture Survivors<\/span><\/a><span style=\"font-weight: 400;\"> przygotowa\u0142a swoj\u0105 stron\u0119 internetow\u0105 <\/span><a href=\"https:\/\/pcts.org.pl\/pl\/\"><span style=\"font-weight: 400;\">https:\/\/pcts.org.pl\/pl\/<\/span><\/a><span style=\"font-weight: 400;\">.<\/span><\/p>\n<p><a href=\"https:\/\/www.facebook.com\/fundacjaEFC?__cft__&#091;0&#093;=AZW09nNb9qZ5JK_vcm35u0VFZAjBwGs0L6nta_n-4Oj2Bgjqc_qHoFw-xK-y7nVZN6f49-MUPulAiXZzNohU92nBCA6Svkml6zTFVNOmTiFgsbzeRV6XDtltiL6FB1ii1XkSYyFEgP_iDH0sd-3tT3Dvw1PvtFsaeinzT7dURUrkNb_4YVyg0cyylFFmXuBd4k8&amp;__tn__=-&#093;K-R\"><span style=\"font-weight: 400;\">Fundacja EFC<\/span><\/a><span style=\"font-weight: 400;\"> pojecha\u0142a na wyjazd edukacyjny do Krakowa ze swoimi podopiecznymi.<\/span><\/p>\n<p><a href=\"https:\/\/www.facebook.com\/StowarzyszenieWidok?__cft__&#091;0&#093;=AZW09nNb9qZ5JK_vcm35u0VFZAjBwGs0L6nta_n-4Oj2Bgjqc_qHoFw-xK-y7nVZN6f49-MUPulAiXZzNohU92nBCA6Svkml6zTFVNOmTiFgsbzeRV6XDtltiL6FB1ii1XkSYyFEgP_iDH0sd-3tT3Dvw1PvtFsaeinzT7dURUrkNb_4YVyg0cyylFFmXuBd4k8&amp;__tn__=-&#093;K-R\"> <span style=\"font-weight: 400;\">Stowarzyszenie Edukacji Kulturalnej Widok<\/span><\/a><span style=\"font-weight: 400;\"> zorganizowa\u0142o warsztaty wytchnieniowe i opracowa\u0142o strategi\u0119.<\/span><\/p>\n<p><a href=\"https:\/\/www.facebook.com\/owop.bialystok?__cft__&#091;0&#093;=AZW09nNb9qZ5JK_vcm35u0VFZAjBwGs0L6nta_n-4Oj2Bgjqc_qHoFw-xK-y7nVZN6f49-MUPulAiXZzNohU92nBCA6Svkml6zTFVNOmTiFgsbzeRV6XDtltiL6FB1ii1XkSYyFEgP_iDH0sd-3tT3Dvw1PvtFsaeinzT7dURUrkNb_4YVyg0cyylFFmXuBd4k8&amp;__tn__=-&#093;K-R\"> <span style=\"font-weight: 400;\">O\u015brodek Wspierania Organizacji Pozarz\u0105dowych &#8211; OWOP<\/span><\/a><span style=\"font-weight: 400;\"> zorganizowa\u0142 dla swojego zespo\u0142u szkolenie z Karty Praw Podstawowych.<\/span><\/p>\n<p><a href=\"https:\/\/www.facebook.com\/profile.php?id=100071529620659&amp;__cft__&#091;0&#093;=AZW09nNb9qZ5JK_vcm35u0VFZAjBwGs0L6nta_n-4Oj2Bgjqc_qHoFw-xK-y7nVZN6f49-MUPulAiXZzNohU92nBCA6Svkml6zTFVNOmTiFgsbzeRV6XDtltiL6FB1ii1XkSYyFEgP_iDH0sd-3tT3Dvw1PvtFsaeinzT7dURUrkNb_4YVyg0cyylFFmXuBd4k8&amp;__tn__=-&#093;K-R\"><span style=\"font-weight: 400;\">Stowarzyszenie LUWIA<\/span><\/a><span style=\"font-weight: 400;\"> zorganizowa\u0142o w Suwa\u0142kach warsztaty kulinarno-antydyskryminacyjne.<\/span><\/p>\n<p><a href=\"https:\/\/www.facebook.com\/biblioteka.bielsk?__cft__&#091;0&#093;=AZW09nNb9qZ5JK_vcm35u0VFZAjBwGs0L6nta_n-4Oj2Bgjqc_qHoFw-xK-y7nVZN6f49-MUPulAiXZzNohU92nBCA6Svkml6zTFVNOmTiFgsbzeRV6XDtltiL6FB1ii1XkSYyFEgP_iDH0sd-3tT3Dvw1PvtFsaeinzT7dURUrkNb_4YVyg0cyylFFmXuBd4k8&amp;__tn__=-&#093;K-R\"><span style=\"font-weight: 400;\">Miejska Biblioteka Publiczna w Bielsku Podlaskim<\/span><\/a><span style=\"font-weight: 400;\"> zorganizowa\u0142a dla swojego zespo\u0142u szkolenie z komunikacji wolnej od przemocy, stereotyp\u00f3w i uprzedze\u0144.<\/span><\/p>\n<p><a href=\"https:\/\/www.facebook.com\/bibliotekapublicznaw.grodku.3?locale=pl_PL\"><span style=\"font-weight: 400;\">Biblioteka Publiczna w Gr\u00f3dku<\/span><\/a><span style=\"font-weight: 400;\"> zorganizowa\u0142a warsztaty o r\u00f3\u017cnorodno\u015bci dla dzieci.<\/span><\/p>\n<p><span style=\"font-weight: 400;\">Stowarzyszenie<\/span><a href=\"https:\/\/www.facebook.com\/100leciekobiet?__cft__&#091;0&#093;=AZW09nNb9qZ5JK_vcm35u0VFZAjBwGs0L6nta_n-4Oj2Bgjqc_qHoFw-xK-y7nVZN6f49-MUPulAiXZzNohU92nBCA6Svkml6zTFVNOmTiFgsbzeRV6XDtltiL6FB1ii1XkSYyFEgP_iDH0sd-3tT3Dvw1PvtFsaeinzT7dURUrkNb_4YVyg0cyylFFmXuBd4k8&amp;__tn__=-&#093;K-R\"> <span style=\"font-weight: 400;\">100-lecie Kobiet<\/span><\/a><span style=\"font-weight: 400;\"> zorganizowa\u0142o dla swojego zespo\u0142u szkolenie z komunikacji w zespole i odporno\u015bci psychicznej.<\/span><\/p>\n<p><a href=\"https:\/\/www.facebook.com\/otwartyparasolorg?__cft__&#091;0&#093;=AZW09nNb9qZ5JK_vcm35u0VFZAjBwGs0L6nta_n-4Oj2Bgjqc_qHoFw-xK-y7nVZN6f49-MUPulAiXZzNohU92nBCA6Svkml6zTFVNOmTiFgsbzeRV6XDtltiL6FB1ii1XkSYyFEgP_iDH0sd-3tT3Dvw1PvtFsaeinzT7dURUrkNb_4YVyg0cyylFFmXuBd4k8&amp;__tn__=-&#093;K-R\"><span style=\"font-weight: 400;\">Otwarty Parasol<\/span><\/a><span style=\"font-weight: 400;\"> zorganizowa\u0142 wizyty studyjne u organizacji LGBT+ w Toruniu i Gda\u0144sku.<\/span><\/p>\n<p><span style=\"font-weight: 400;\">Grupa Razem z T\u0119cz\u0105 zorganizowa\u0142a warsztaty o osobach w spektrum autyzmu.<\/span><\/p>\n<p><span style=\"font-weight: 400;\">A to wszystko w naszym kochanym wojew\u00f3dztwie podlaskim! <\/span><\/p>\n<p>&nbsp;<\/p>\n<p><span style=\"font-weight: 400;\">Robicie czasem podsumowania? Koniec roku to do tego \u015bwietna okazja, a robienie podsumowa\u0144 pomaga dostrzec skal\u0119 w\u0142asnej pracy i doceni\u0107 j\u0105! Podsumujmy razem rok 2023 \ud83c\udf1f i zobaczmy, co sprawi\u0142o, \u017ce dla nas by\u0142 wyj\u0105tkowy \ud83c\udf89<\/span><\/p>\n<p><span style=\"font-weight: 400;\">\ud83c\udf0d W 2023 spe\u0142ni\u0142o si\u0119 jedno z naszych marze\u0144 &#8211; zorganizowanie antydyskryminacyjnego warsztatu skierowanego do os\u00f3b pracuj\u0105cych w mediach spo\u0142eczno\u015bciowych. Z sukcesem zorganizowa\u0142y\u015bmy spotkanie, kt\u00f3re zgromadzi\u0142o 9\ufe0f\u20e3 tw\u00f3rc\u00f3w i tw\u00f3rczy\u0144 dzia\u0142aj\u0105cych w \u015bwiecie medi\u00f3w spo\u0142eczno\u015bciowych. \ud83d\uddd3\ufe0f<\/span><\/p>\n<p><span style=\"font-weight: 400;\">\ud83c\udf0d Po raz pierwszy zorganizowali\u015bmy program budowania relacji pomi\u0119dzy podlaskimi organizacjami, dla kt\u00f3rych istotne s\u0105 prawa cz\u0142owieka i r\u00f3wno\u015b\u0107. \u201eEnergia R\u00f3\u017cnorodno\u015bci 2023\u201d to kontynuacja naszych wcze\u015bniejszych program\u00f3w grantowych \u201cW r\u00f3\u017cnorodno\u015bci si\u0142a\u201d. \ud83c\udf08 W trakcie tego przedsi\u0119wzi\u0119cia mia\u0142y-li\u015bmy przyjemno\u015b\u0107 wsp\u00f3\u0142pracowa\u0107 z 1\ufe0f\u20e32\ufe0f\u20e3 r\u00f3\u017cnorodnymi i fantastycznymi organizacjami, instytucjami oraz grupami nieformalnymi z wojew\u00f3dztwa podlaskiego. Mamy za sob\u0105 dwa osobiste spotkania warsztatowe, wiele godzin tutoringu rozwojowego dla organizacji, spotkania online dla podtrzymania relacji, no i 1\ufe0f\u20e32\ufe0f\u20e3 zorganizowanych przez osoby uczestnicz\u0105ce tw\u00f3rczych dzia\u0142a\u0144-\u0107wicze\u0144 na rzecz praw cz\u0142owieka! \ud83d\udc96<\/span><\/p>\n<p><span style=\"font-weight: 400;\">\ud83c\udf0d 8\u20139 lipca we Wroc\u0142awiu odby\u0142 si\u0119 warsztat antydyskryminacyjny dla os\u00f3b tworz\u0105cych Wikipedi\u0119. Wzi\u0119\u0142o w nim udzia\u0142 1\ufe0f\u20e31\ufe0f\u20e3 os\u00f3b z Wroc\u0142awia, Krakowa, Warszawy, Rybnika i Mi\u0144ska Mazowieckiego.\u00a0<\/span><\/p>\n<p><span style=\"font-weight: 400;\">\ud83c\udf0d 27 maja zako\u0144czy\u0142a si\u0119 trzecia edycja Programu aktywizacji obywatelskiej Akademia Mistrzostwa Spo\u0142ecznego, czyli niezwyk\u0142ego programu rozwojowego dla m\u0142odych ludzi z Bia\u0142egostoku i okolic. Uko\u0144czy\u0142y j\u0105 w sumie 24 osoby, z r\u00f3\u017cnorodnych szk\u00f3\u0142 i \u015brodowisk, r\u00f3\u017cni\u0105ce si\u0119 mi\u0119dzy sob\u0105 pochodzeniem, zainteresowaniami, pogl\u0105dami, wyznaniem, stanem zdrowia i wieloma innymi to\u017csamo\u015bciami. <\/span><span style=\"font-weight: 400;\">\ud83e\udd1d<\/span><span style=\"font-weight: 400;\">Przez ponad rok, co tydzie\u0144 uczestniczy\u0142y w zaj\u0119ciach, w trakcie kt\u00f3rych zdobywa\u0142y cenne umiej\u0119tno\u015bci przydatne w codziennym \u017cyciu prywatnym i spo\u0142ecznym, kt\u00f3rych nie uczy polska szko\u0142a, uczy\u0142y si\u0119 wsp\u00f3lnie znajdowa\u0107 rozwi\u0105zania i podejmowa\u0107 decyzje.\u00a0<\/span><\/p>\n<p><span style=\"font-weight: 400;\">\ud83c\udf0d 29 lipca podczas uroczystego, ale zorganizowanego w swobodnej, piknikowo-warsztatowej atmosferze spotkania ogr\u00f3d spo\u0142eczno\u015bciowy za Rektoratem Uniwersytetu w Bia\u0142ymstoku oficjalnie otrzyma\u0142 imi\u0119 <\/span><span style=\"font-weight: 400;\"> Marioli Wojtkiewicz, aktorki, re\u017cyserki, wyk\u0142adowczyni, animatorki kultury, naszej nauczycielki i kole\u017canki ze stowarzyszenia, cz\u0142onkini wielu podlaskich spo\u0142eczno\u015bci i organizacji. W spotkaniu wzi\u0119\u0142a udzia\u0142 rodzina Marioli, jej koledzy i kole\u017canki z Uniwersytetu, znajomi, przyjaci\u00f3\u0142ki, a tak\u017ce osoby po prostu korzystaj\u0105ce z urok\u00f3w ogrodu spo\u0142eczno\u015bciowego, kt\u00f3rego Mariola by\u0142a wsp\u00f3\u0142za\u0142o\u017cycielk\u0105. \u2600\ufe0f<\/span><\/p>\n<p><span style=\"font-weight: 400;\">\ud83c\udf0d 23 wrze\u015bnia wzi\u0119\u0142y-li\u015bmy udzia\u0142 w organizowanym przez Stowarzyszenie<\/span><a href=\"https:\/\/www.facebook.com\/TeczowyBialystok?__cft__&#091;0&#093;=AZU2TMSS0cc-Ze5xAT7519iJHFaVNpyih91DKAjGoW3ebTLB61OJZsGmitZRqRPXpK7Tw9Xk7Y7e58-65nQVpqCtmPuZwF1vh74UW9dHZOWA15B572RyLWdwj4Sg60OFoNN9o3_xLPe8yApX-T4NbY4vEIfxBYjkzPgQ3D_eEpvIQ4w8fztKWJSaQr7yzRU2z0w&amp;__tn__=-&#093;K-R\"> <span style=\"font-weight: 400;\">T\u0119czowy Bia\u0142ystok<\/span><\/a><span style=\"font-weight: 400;\">\u00a0 <\/span><span style=\"font-weight: 400;\"> 3\ufe0f\u20e3 Marszu R\u00f3wno\u015bci.<\/span><\/p>\n<p><span style=\"font-weight: 400;\">\ud83c\udf0dZ kolei 24\u201325 listopada nasza prezeska Ania Kozicka poprowadzi\u0142a we Wroc\u0142awiu warsztat asertywno\u015bci i samoobrony WenDo, w kt\u00f3rym uczestniczy\u0142o 8\ufe0f\u20e3 dziewczyn w wieku 10\u201311 lat.\u00a0<\/span><\/p>\n<p><span style=\"font-weight: 400;\">Taki to by\u0142 rok! \ud83d\ude42 Dajcie zna\u0107, je\u015bli bra\u0142y-li\u015bcie udzia\u0142, w kt\u00f3rym\u015b z naszych wydarze\u0144, a mo\u017ce w kilku? Kt\u00f3re z nich by\u0142o dla Was najfajniejsze? I co by\u0142o dla Was wa\u017cne w odchodz\u0105cym ju\u017c powoli roku 2023? Dzi\u0119kujemy z ca\u0142ego serca wszystkim osobom wsp\u00f3\u0142pracuj\u0105cym i uczestnicz\u0105cym. Dzi\u0119kujemy za wsparcie finansowe firmie Dworzysk, a tak\u017ce naszym indywidualnym prywatnym darczyniom i darczy\u0144com! Pami\u0119tajcie o nas tak\u017ce w nowym roku, ju\u017c szykujemy dla Was nowe niespodzianki, wi\u0119c obserwujcie nasze media spo\u0142eczno\u015bciowe \ud83d\ude09 Miejcie si\u0119 dobrze, dbajcie o siebie. Wszystkiego dobrego w nowym roku! \ud83d\ude42<\/span><\/p>\n<\/div><\/div><\/div><\/div><\/div><\/div><\/div><\/section><section class=\"l-section wpb_row height_medium\"><div class=\"l-section-h i-cf\"><div class=\"g-cols vc_row via_flex valign_top type_default stacking_default\"><div class=\"vc_col-sm-12 wpb_column vc_column_container\"><div class=\"vc_column-inner\"><div class=\"wpb_wrapper\"><div class=\"w-grid type_grid layout_gallery_default cols_3\" id=\"us_grid_1\" style=\"--gap:1.5rem;\" data-filterable=\"true\"><style>@media (max-width:1024px){#us_grid_1 .w-grid-item{width:50%}}@media (max-width:600px){#us_grid_1 .w-grid-list{margin:0}#us_grid_1 .w-grid-item{width:100%;padding:0;margin-bottom:var(--gap,0px)}}.layout_gallery_default .w-grid-item-h{}<\/style><div class=\"w-grid-list\">\t<article class=\"w-grid-item size_1x1 post-3604 attachment type-attachment status-inherit hentry\" data-id=\"3604\">\r\n\t\t<div class=\"w-grid-item-h\">\r\n\t\t\t\t\t\t\t<a ref=\"magnificPopupGrid\" href=\"https:\/\/9dwunastych.org\/wp-content\/uploads\/2023\/12\/20231118_132058-scaled.jpg\" class=\"w-grid-item-anchor\" aria-label=\"20231118_132058\" title=\"20231118_132058\"><\/a>\r\n\t\t\t\t\t\t<div class=\"w-post-elm post_image usg_post_image_1 stretched\"><img fetchpriority=\"high\" decoding=\"async\" width=\"768\" height=\"1024\" src=\"https:\/\/9dwunastych.org\/wp-content\/uploads\/2023\/12\/20231118_132058-768x1024.jpg\" class=\"attachment-large size-large\" alt=\"\" srcset=\"https:\/\/9dwunastych.org\/wp-content\/uploads\/2023\/12\/20231118_132058-768x1024.jpg 768w, https:\/\/9dwunastych.org\/wp-content\/uploads\/2023\/12\/20231118_132058-225x300.jpg 225w, https:\/\/9dwunastych.org\/wp-content\/uploads\/2023\/12\/20231118_132058-113x150.jpg 113w, https:\/\/9dwunastych.org\/wp-content\/uploads\/2023\/12\/20231118_132058-scaled.jpg 1920w\" sizes=\"(max-width: 768px) 100vw, 768px\" \/><\/div>\t\t<\/div>\r\n\t<\/article>\r\n\t<article class=\"w-grid-item size_1x1 post-3603 attachment type-attachment status-inherit hentry\" data-id=\"3603\">\r\n\t\t<div class=\"w-grid-item-h\">\r\n\t\t\t\t\t\t\t<a ref=\"magnificPopupGrid\" href=\"https:\/\/9dwunastych.org\/wp-content\/uploads\/2023\/12\/IMG_1814-scaled.jpeg\" class=\"w-grid-item-anchor\" aria-label=\"IMG_1814\" title=\"IMG_1814\"><\/a>\r\n\t\t\t\t\t\t<div class=\"w-post-elm post_image usg_post_image_1 stretched\"><img decoding=\"async\" width=\"1024\" height=\"768\" src=\"https:\/\/9dwunastych.org\/wp-content\/uploads\/2023\/12\/IMG_1814-1024x768.jpeg\" class=\"attachment-large size-large\" alt=\"\" srcset=\"https:\/\/9dwunastych.org\/wp-content\/uploads\/2023\/12\/IMG_1814-1024x768.jpeg 1024w, https:\/\/9dwunastych.org\/wp-content\/uploads\/2023\/12\/IMG_1814-300x225.jpeg 300w, https:\/\/9dwunastych.org\/wp-content\/uploads\/2023\/12\/IMG_1814-200x150.jpeg 200w\" sizes=\"(max-width: 1024px) 100vw, 1024px\" \/><\/div>\t\t<\/div>\r\n\t<\/article>\r\n\t<article class=\"w-grid-item size_1x1 post-3602 attachment type-attachment status-inherit hentry\" data-id=\"3602\">\r\n\t\t<div class=\"w-grid-item-h\">\r\n\t\t\t\t\t\t\t<a ref=\"magnificPopupGrid\" href=\"https:\/\/9dwunastych.org\/wp-content\/uploads\/2023\/12\/IMG_1823-scaled.jpeg\" class=\"w-grid-item-anchor\" aria-label=\"IMG_1823\" title=\"IMG_1823\"><\/a>\r\n\t\t\t\t\t\t<div class=\"w-post-elm post_image usg_post_image_1 stretched\"><img decoding=\"async\" width=\"1024\" height=\"768\" src=\"https:\/\/9dwunastych.org\/wp-content\/uploads\/2023\/12\/IMG_1823-1024x768.jpeg\" class=\"attachment-large size-large\" alt=\"\" srcset=\"https:\/\/9dwunastych.org\/wp-content\/uploads\/2023\/12\/IMG_1823-1024x768.jpeg 1024w, https:\/\/9dwunastych.org\/wp-content\/uploads\/2023\/12\/IMG_1823-300x225.jpeg 300w, https:\/\/9dwunastych.org\/wp-content\/uploads\/2023\/12\/IMG_1823-200x150.jpeg 200w\" sizes=\"(max-width: 1024px) 100vw, 1024px\" \/><\/div>\t\t<\/div>\r\n\t<\/article>\r\n<\/div><div class=\"w-grid-preloader\"><div class=\"g-preloader type_custom\">\r\n\t<div><img loading=\"lazy\" decoding=\"async\" width=\"300\" height=\"87\" src=\"https:\/\/9dwunastych.org\/wp-content\/uploads\/2016\/11\/logo-300x87.jpg\" class=\"attachment-medium size-medium\" alt=\"\" srcset=\"https:\/\/9dwunastych.org\/wp-content\/uploads\/2016\/11\/logo-300x87.jpg 300w, https:\/\/9dwunastych.org\/wp-content\/uploads\/2016\/11\/logo-260x75.jpg 260w, https:\/\/9dwunastych.org\/wp-content\/uploads\/2016\/11\/logo-50x14.jpg 50w, https:\/\/9dwunastych.org\/wp-content\/uploads\/2016\/11\/logo-150x43.jpg 150w, https:\/\/9dwunastych.org\/wp-content\/uploads\/2016\/11\/logo.jpg 307w\" sizes=\"(max-width: 300px) 100vw, 300px\" \/><\/div>\r\n<\/div>\r\n<\/div>\t<div class=\"w-grid-json hidden\" onclick='return {&quot;action&quot;:&quot;us_ajax_grid&quot;,&quot;ajax_url&quot;:&quot;https:\\\/\\\/9dwunastych.org\\\/wp-admin\\\/admin-ajax.php&quot;,&quot;infinite_scroll&quot;:0,&quot;max_num_pages&quot;:1,&quot;pagination&quot;:&quot;none&quot;,&quot;permalink_url&quot;:&quot;https:\\\/\\\/9dwunastych.org\\\/en_us\\\/wp-json\\\/wp\\\/v2\\\/posts\\\/3599&quot;,&quot;template_vars&quot;:{&quot;columns&quot;:&quot;3&quot;,&quot;exclude_items&quot;:&quot;none&quot;,&quot;img_size&quot;:&quot;default&quot;,&quot;ignore_items_size&quot;:0,&quot;items_layout&quot;:&quot;gallery_default&quot;,&quot;items_offset&quot;:&quot;1&quot;,&quot;load_animation&quot;:&quot;none&quot;,&quot;overriding_link&quot;:&quot;%7B%22type%22%3A%22popup_image%22%7D&quot;,&quot;post_id&quot;:0,&quot;query_args&quot;:{&quot;post_type&quot;:[&quot;attachment&quot;],&quot;post__in&quot;:[&quot;3604&quot;,&quot;3603&quot;,&quot;3602&quot;],&quot;post_status&quot;:&quot;inherit&quot;,&quot;post_mime_type&quot;:&quot;image&quot;,&quot;posts_per_page&quot;:&quot;10&quot;},&quot;orderby_query_args&quot;:{&quot;orderby&quot;:{&quot;date&quot;:&quot;DESC&quot;}},&quot;type&quot;:&quot;grid&quot;,&quot;us_grid_ajax_index&quot;:1,&quot;us_grid_filter_params&quot;:null,&quot;us_grid_index&quot;:1,&quot;_us_grid_post_type&quot;:&quot;attachment&quot;,&quot;page_args&quot;:[]}}'><\/div>\r\n\t<\/div><\/div><\/div><\/div><\/div><\/div><\/section>","protected":false},"excerpt":{"rendered":"","protected":false},"author":4,"featured_media":3601,"comment_status":"closed","ping_status":"closed","sticky":false,"template":"","format":"gallery","meta":{"_jetpack_memberships_contains_paid_content":false,"footnotes":""},"categories":[17],"tags":[],"class_list":["post-3599","post","type-post","status-publish","format-gallery","has-post-thumbnail","hentry","category-ogolne","post_format-post-format-gallery"],"acf":[],"jetpack_sharing_enabled":true,"jetpack_featured_media_url":"https:\/\/9dwunastych.org\/wp-content\/uploads\/2023\/12\/20231117_182746-scaled.jpg","_links":{"self":[{"href":"https:\/\/9dwunastych.org\/en_us\/wp-json\/wp\/v2\/posts\/3599"}],"collection":[{"href":"https:\/\/9dwunastych.org\/en_us\/wp-json\/wp\/v2\/posts"}],"about":[{"href":"https:\/\/9dwunastych.org\/en_us\/wp-json\/wp\/v2\/types\/post"}],"author":[{"embeddable":true,"href":"https:\/\/9dwunastych.org\/en_us\/wp-json\/wp\/v2\/users\/4"}],"replies":[{"embeddable":true,"href":"https:\/\/9dwunastych.org\/en_us\/wp-json\/wp\/v2\/comments?post=3599"}],"version-history":[{"count":3,"href":"https:\/\/9dwunastych.org\/en_us\/wp-json\/wp\/v2\/posts\/3599\/revisions"}],"predecessor-version":[{"id":3606,"href":"https:\/\/9dwunastych.org\/en_us\/wp-json\/wp\/v2\/posts\/3599\/revisions\/3606"}],"wp:featuredmedia":[{"embeddable":true,"href":"https:\/\/9dwunastych.org\/en_us\/wp-json\/wp\/v2\/media\/3601"}],"wp:attachment":[{"href":"https:\/\/9dwunastych.org\/en_us\/wp-json\/wp\/v2\/media?parent=3599"}],"wp:term":[{"taxonomy":"category","embeddable":true,"href":"https:\/\/9dwunastych.org\/en_us\/wp-json\/wp\/v2\/categories?post=3599"},{"taxonomy":"post_tag","embeddable":true,"href":"https:\/\/9dwunastych.org\/en_us\/wp-json\/wp\/v2\/tags?post=3599"}],"curies":[{"name":"wp","href":"https:\/\/api.w.org\/{rel}","templated":true}]}}